{"id":341,"date":"2017-06-18T12:55:45","date_gmt":"2017-06-18T12:55:45","guid":{"rendered":"http:\/\/espiritualidade.carmelitas.pt\/boletim\/?p=341"},"modified":"2017-06-18T12:55:45","modified_gmt":"2017-06-18T12:55:45","slug":"centro-de-espiritualidade-actividades-de-verao-2015","status":"publish","type":"post","link":"https:\/\/espiritualidade.carmelitas.pt\/boletim\/centro-de-espiritualidade-actividades-de-verao-2015\/","title":{"rendered":"Centro de espiritualidade: \u00a0actividades de ver\u00e3o 2015"},"content":{"rendered":"<p class=\"p2\">O centro de espiritualidade <i>Santa Teresa de Jesus<\/i>, em Avessadas, Marco de Canaveses, elaborou um conjunto de actividades a pensar naqueles que pretendem reservar uns dias do seu descanso em prol da espiritualidade. Apresentamos a tem\u00e1tica e os intervenientes em cada uma destas iniciativas. Se necessitar de mais informa\u00e7\u00f5es pode usar os seguintes contactos:<\/p>\n<p class=\"p2\">email: ce@carmelitas.pt;<span class=\"Apple-converted-space\">\u00a0 <\/span>telefone: 255 538 150.<\/p>\n<p class=\"p2\">3 a 8 de Agosto<\/p>\n<p class=\"p2\"><b>XVII Jornadas de Ora\u00e7\u00e3o: <\/b><i>Estava dentro de mim e eu n\u2019Ele<\/i><\/p>\n<p class=\"p4\">4 Ago \u2013 \u00abTeresa, guia e mestra da experi\u00eancia de Deus\u00bb [P. Agostinho Leal]<\/p>\n<p class=\"p4\">5 Ago \u2013 \u00abUm caminho ao alcance de todos\u00bb [P. Daniel Jorge]<\/p>\n<p class=\"p4\">6 Ago \u2013 Passeio orante<\/p>\n<p class=\"p4\">7 Ago \u2013 \u00abA inabita\u00e7\u00e3o da Trindade na alma do crente\u00bb \u2013 [P. Alpoim Portugal]<\/p>\n<p class=\"p4\">9 a 15 de Agosto<\/p>\n<p class=\"p4\"><b>VI F\u00e9rias orantes: <\/b>6 dias de descanso, passeio e ora\u00e7\u00e3o [P. Alpoim Portugal]<\/p>\n<p class=\"p4\">24 a 29 de Agosto<\/p>\n<p class=\"p2\"><b>XXXII Semana de Espiritualidade: <\/b><i>500 anos depois: actualidade de Santa Teresa de Jesus<\/i><\/p>\n<p class=\"p4\">25 Ago \u2013 \u00abSanta Teresa de Jesus nasceu h\u00e1 500 anos: o s\u00e9culo XVI em Espanha\u00bb [P. Daniel Jorge]<\/p>\n<p class=\"p4\">\u2013\u00abActualidade de Santa Teresa de Jesus e mensagem para o nosso tempo\u00bb [P. Joaquim Teixeira]<\/p>\n<p class=\"p4\">26 Ago \u2013 \u00abO ambiente familiar onde nasceu e cresceu Teresa de Cepeda Y Ahumada\u00bb [P. Agostinho Castro]<\/p>\n<p class=\"p4\">\u2013\u00abA vida religiosa e os conventos de \u00c1vila no tempo de Teresa de Jesus\u00bb [P. Daniel Jorge]<\/p>\n<p class=\"p4\">27 Ago \u2013 \u00abTeresa, Mestra de ora\u00e7\u00e3o\u00bb [P. Agostinho Leal]<\/p>\n<p class=\"p4\">28 Ago \u2013 \u00abDuas vidas: D. Teresa de Ahumada e Teresa de Jesus\u00bb [P. Manuel Reis]<\/p>\n<p class=\"p4\">\u2013\u00abTeresa de Jesus, doutora da Igreja\u00bb [P. Alpoim Portugal]<\/p>\n<p class=\"p6\">\u2013Todos os dias: Din\u00e2micas de leitura de textos teresianos [P. Alpoim Portugal]<\/p>\n","protected":false},"excerpt":{"rendered":"<p>O centro de espiritualidade Santa Teresa de Jesus, em Avessadas, Marco de Canaveses, elaborou um conjunto de actividades a pensar naqueles que pretendem reservar uns dias do seu descanso em [&hellip;]<\/p>\n","protected":false},"author":1,"featured_media":0,"comment_status":"closed","ping_status":"open","sticky":false,"template":"","format":"standard","meta":{"_et_pb_use_builder":"","_et_pb_old_content":"","_et_gb_content_width":"","footnotes":""},"categories":[12],"tags":[],"class_list":["post-341","post","type-post","status-publish","format-standard","hentry","category-congressos","et-doesnt-have-format-content","et_post_format-et-post-format-standard"],"_links":{"self":[{"href":"https:\/\/espiritualidade.carmelitas.pt\/boletim\/wp-json\/wp\/v2\/posts\/341","targetHints":{"allow":["GET"]}}],"collection":[{"href":"https:\/\/espiritualidade.carmelitas.pt\/boletim\/wp-json\/wp\/v2\/posts"}],"about":[{"href":"https:\/\/espiritualidade.carmelitas.pt\/boletim\/wp-json\/wp\/v2\/types\/post"}],"author":[{"embeddable":true,"href":"https:\/\/espiritualidade.carmelitas.pt\/boletim\/wp-json\/wp\/v2\/users\/1"}],"replies":[{"embeddable":true,"href":"https:\/\/espiritualidade.carmelitas.pt\/boletim\/wp-json\/wp\/v2\/comments?post=341"}],"version-history":[{"count":1,"href":"https:\/\/espiritualidade.carmelitas.pt\/boletim\/wp-json\/wp\/v2\/posts\/341\/revisions"}],"predecessor-version":[{"id":342,"href":"https:\/\/espiritualidade.carmelitas.pt\/boletim\/wp-json\/wp\/v2\/posts\/341\/revisions\/342"}],"wp:attachment":[{"href":"https:\/\/espiritualidade.carmelitas.pt\/boletim\/wp-json\/wp\/v2\/media?parent=341"}],"wp:term":[{"taxonomy":"category","embeddable":true,"href":"https:\/\/espiritualidade.carmelitas.pt\/boletim\/wp-json\/wp\/v2\/categories?post=341"},{"taxonomy":"post_tag","embeddable":true,"href":"https:\/\/espiritualidade.carmelitas.pt\/boletim\/wp-json\/wp\/v2\/tags?post=341"}],"curies":[{"name":"wp","href":"https:\/\/api.w.org\/{rel}","templated":true}]}}