{"id":339,"date":"2017-06-18T12:54:31","date_gmt":"2017-06-18T12:54:31","guid":{"rendered":"http:\/\/espiritualidade.carmelitas.pt\/boletim\/?p=339"},"modified":"2017-06-18T12:54:31","modified_gmt":"2017-06-18T12:54:31","slug":"nada-te-turbe-conclusao-do-curso-em-regime-elearning-sobre-santa-teresa-davila-2","status":"publish","type":"post","link":"https:\/\/espiritualidade.carmelitas.pt\/boletim\/nada-te-turbe-conclusao-do-curso-em-regime-elearning-sobre-santa-teresa-davila-2\/","title":{"rendered":"\u201cNada te turbe\u201d: conclus\u00e3o do Curso em regime eLearning sobre Santa Teresa d`\u00c1vila"},"content":{"rendered":"<p class=\"p2\"><span class=\"s2\">Dia 27 de Junho termina o curso <i>Nada te turbe<\/i>, promovido pela UCP, uma das iniciativas desta institui\u00e7\u00e3o no decorrer do V centen\u00e1rio do nascimento de Santa Teresa. Esta sess\u00e3o de encerramento realiza-se em F\u00e1tima, na <i>Domus Carmeli, e <\/i>est\u00e1 aberta ao p\u00fablico de forma gratuita e sem necessidade de inscri\u00e7\u00e3o. <\/span><\/p>\n<p class=\"p2\"><b>Programa:<\/b><\/p>\n<p class=\"p3\"><span class=\"s3\">10h30 \u2013 Abertura: Provincial OCD e Director FT<\/span><\/p>\n<p class=\"p3\">10h45 \u2013 1\u00aa confer\u00eancia: <i>Import\u00e2ncia cultural e espiritual de S. Teresa de \u00c1vila<\/i>, Eduardo Sanz de Miguel<\/p>\n<p class=\"p3\">11h45 \u2013 2\u00aa confer\u00eancia: <i>A humildade em<span class=\"Apple-converted-space\">\u00a0 <\/span>Sta Teresa de Jesus: import\u00e2ncia e actualidade<\/i>, Teresa Messias<\/p>\n<p class=\"p3\">15h30 \u2013 3\u00aa confer\u00eancia: <i>Actualidade da mensagem de S. Teresa hoje<\/i>, Eduardo Sanz de Miguel<\/p>\n<p class=\"p3\">16h45 \u2013 Encerramento<\/p>\n","protected":false},"excerpt":{"rendered":"<p>Dia 27 de Junho termina o curso Nada te turbe, promovido pela UCP, uma das iniciativas desta institui\u00e7\u00e3o no decorrer do V centen\u00e1rio do nascimento de Santa Teresa. Esta sess\u00e3o [&hellip;]<\/p>\n","protected":false},"author":1,"featured_media":0,"comment_status":"closed","ping_status":"open","sticky":false,"template":"","format":"standard","meta":{"_et_pb_use_builder":"","_et_pb_old_content":"","_et_gb_content_width":"","footnotes":""},"categories":[1],"tags":[],"class_list":["post-339","post","type-post","status-publish","format-standard","hentry","category-cursos","et-doesnt-have-format-content","et_post_format-et-post-format-standard"],"_links":{"self":[{"href":"https:\/\/espiritualidade.carmelitas.pt\/boletim\/wp-json\/wp\/v2\/posts\/339","targetHints":{"allow":["GET"]}}],"collection":[{"href":"https:\/\/espiritualidade.carmelitas.pt\/boletim\/wp-json\/wp\/v2\/posts"}],"about":[{"href":"https:\/\/espiritualidade.carmelitas.pt\/boletim\/wp-json\/wp\/v2\/types\/post"}],"author":[{"embeddable":true,"href":"https:\/\/espiritualidade.carmelitas.pt\/boletim\/wp-json\/wp\/v2\/users\/1"}],"replies":[{"embeddable":true,"href":"https:\/\/espiritualidade.carmelitas.pt\/boletim\/wp-json\/wp\/v2\/comments?post=339"}],"version-history":[{"count":1,"href":"https:\/\/espiritualidade.carmelitas.pt\/boletim\/wp-json\/wp\/v2\/posts\/339\/revisions"}],"predecessor-version":[{"id":340,"href":"https:\/\/espiritualidade.carmelitas.pt\/boletim\/wp-json\/wp\/v2\/posts\/339\/revisions\/340"}],"wp:attachment":[{"href":"https:\/\/espiritualidade.carmelitas.pt\/boletim\/wp-json\/wp\/v2\/media?parent=339"}],"wp:term":[{"taxonomy":"category","embeddable":true,"href":"https:\/\/espiritualidade.carmelitas.pt\/boletim\/wp-json\/wp\/v2\/categories?post=339"},{"taxonomy":"post_tag","embeddable":true,"href":"https:\/\/espiritualidade.carmelitas.pt\/boletim\/wp-json\/wp\/v2\/tags?post=339"}],"curies":[{"name":"wp","href":"https:\/\/api.w.org\/{rel}","templated":true}]}}