{"id":337,"date":"2017-06-18T12:54:00","date_gmt":"2017-06-18T12:54:00","guid":{"rendered":"http:\/\/espiritualidade.carmelitas.pt\/boletim\/?p=337"},"modified":"2017-06-18T12:54:00","modified_gmt":"2017-06-18T12:54:00","slug":"revista-communio-analisa-literatura-e-espiritualidade","status":"publish","type":"post","link":"https:\/\/espiritualidade.carmelitas.pt\/boletim\/revista-communio-analisa-literatura-e-espiritualidade\/","title":{"rendered":"Revista Communio analisa \u00a0\u201cLiteratura e espiritualidade\u201d"},"content":{"rendered":"<p class=\"p3\">O \u00faltimo n\u00famero da revista <i>Communio<\/i> aborda a tem\u00e1tica da literatura e espiritualidade, com artigos como: \u201cQuando o Novo Testamento cita os poetas (At 17,28). Um mapa para o presente\u201d, \u201cA B\u00edblia como literatura\u201d, \u201cReconfigura\u00e7\u00f5es de Deus<span class=\"Apple-converted-space\">\u00a0 <\/span>na literatura moderna\u201d, \u201cDo divino celebrado no terrestre\u201d, \u201cA errante sonoridade de Deus. Revisitando Jos\u00e9 Augusto Mour\u00e3o\u201d.<\/p>\n<p class=\"p3\">Na apresenta\u00e7\u00e3o deste n\u00famero, M. Lu\u00edsa Falc\u00e3o, Rui Madeira, M. Lu\u00edsa Ribeiro Ferreira, falam que \u00abpensar um n\u00famero da \u201cCommunio\u201d sobre \u201cLiteratura e Espiritualidade\u201d pode equivaler a abrir uma caixa de Pandora (etimologicamente pan: tudo ou todo, e doron: dom). Correm-se v\u00e1rios riscos: da dispers\u00e3o de temas, g\u00e9neros, \u00e9pocas e autores, \u00e0 subordina\u00e7\u00e3o a crit\u00e9rios de escolha demasiado acad\u00e9micos ou espiritualmente desencarnados\u00bb.<\/p>\n<p class=\"p3\">Participaram nesta edi\u00e7\u00e3o, autores como: Jos\u00e9 Tolentino Mendon\u00e7a, Jos\u00e9 Augusto M. Ramos, Manuel Ant\u00f3nio Ribeiro, Alfredo Teixeira, Maria Andersen de Sousa Tavares, Isabel Al\u00e7ada Cardoso, Jos\u00e9 Eduardo Franco, Aires Nascimento, Maria Jos\u00e9 Vaz Pinto, Jos\u00e9 Maria Seabra Duque.<\/p>\n<p class=\"p3\">Mais informa\u00e7\u00f5es em: www.snpcultura.org<\/p>\n","protected":false},"excerpt":{"rendered":"<p>O \u00faltimo n\u00famero da revista Communio aborda a tem\u00e1tica da literatura e espiritualidade, com artigos como: \u201cQuando o Novo Testamento cita os poetas (At 17,28). Um mapa para o presente\u201d, [&hellip;]<\/p>\n","protected":false},"author":1,"featured_media":0,"comment_status":"closed","ping_status":"open","sticky":false,"template":"","format":"standard","meta":{"_et_pb_use_builder":"","_et_pb_old_content":"","_et_gb_content_width":"","footnotes":""},"categories":[13],"tags":[],"class_list":["post-337","post","type-post","status-publish","format-standard","hentry","category-divulgacao","et-doesnt-have-format-content","et_post_format-et-post-format-standard"],"_links":{"self":[{"href":"https:\/\/espiritualidade.carmelitas.pt\/boletim\/wp-json\/wp\/v2\/posts\/337","targetHints":{"allow":["GET"]}}],"collection":[{"href":"https:\/\/espiritualidade.carmelitas.pt\/boletim\/wp-json\/wp\/v2\/posts"}],"about":[{"href":"https:\/\/espiritualidade.carmelitas.pt\/boletim\/wp-json\/wp\/v2\/types\/post"}],"author":[{"embeddable":true,"href":"https:\/\/espiritualidade.carmelitas.pt\/boletim\/wp-json\/wp\/v2\/users\/1"}],"replies":[{"embeddable":true,"href":"https:\/\/espiritualidade.carmelitas.pt\/boletim\/wp-json\/wp\/v2\/comments?post=337"}],"version-history":[{"count":1,"href":"https:\/\/espiritualidade.carmelitas.pt\/boletim\/wp-json\/wp\/v2\/posts\/337\/revisions"}],"predecessor-version":[{"id":338,"href":"https:\/\/espiritualidade.carmelitas.pt\/boletim\/wp-json\/wp\/v2\/posts\/337\/revisions\/338"}],"wp:attachment":[{"href":"https:\/\/espiritualidade.carmelitas.pt\/boletim\/wp-json\/wp\/v2\/media?parent=337"}],"wp:term":[{"taxonomy":"category","embeddable":true,"href":"https:\/\/espiritualidade.carmelitas.pt\/boletim\/wp-json\/wp\/v2\/categories?post=337"},{"taxonomy":"post_tag","embeddable":true,"href":"https:\/\/espiritualidade.carmelitas.pt\/boletim\/wp-json\/wp\/v2\/tags?post=337"}],"curies":[{"name":"wp","href":"https:\/\/api.w.org\/{rel}","templated":true}]}}