{"id":3186,"date":"2022-10-31T02:39:00","date_gmt":"2022-10-31T02:39:00","guid":{"rendered":"https:\/\/espiritualidade.carmelitas.pt\/boletim\/?p=3186"},"modified":"2022-10-28T08:41:34","modified_gmt":"2022-10-28T08:41:34","slug":"de-vesperas-com-santa-isabel-da-trindade","status":"publish","type":"post","link":"https:\/\/espiritualidade.carmelitas.pt\/boletim\/de-vesperas-com-santa-isabel-da-trindade\/","title":{"rendered":"De V\u00e9speras com\u2026 Santa Isabel da Trindade"},"content":{"rendered":"\n<p><strong>7 novembro de 2022<\/strong><br>\u00abParece-me que, no C\u00e9u, a minha miss\u00e3o ser\u00e1 a de atrair as almas ajudando-as a sa\u00edrem de si mesmas para aderirem a Deus, por um movimento muito simples e todo feito de amor\u00bb, assim escreveu santa Isabel da Trindade (Carta 335, 28 de outubro de 1906). \u00c9 desta santa carmelita que frei Francisco Maria Bragu\u00eas ir\u00e1 falar no pr\u00f3ximo <a href=\"https:\/\/www.youtube.com\/channel\/UCDdpOn_BBRSaV6uUr_zVtrQ\">dia 7 de novembro (online)<\/a>, no seguimento da atividade &#8220;De V\u00e9speras com\u2026&#8221;, promovida pelos Carmelitas Descal\u00e7os. Em tempos de desamor, de guerras e de viol\u00eancia, somos convidados a ser aprendizes do Amor de Deus para irradiarmos, desde os nossos cora\u00e7\u00f5es, um louvor de gl\u00f3ria que revele o C\u00e9u na Terra. <\/p>\n","protected":false},"excerpt":{"rendered":"<p>7 novembro de 2022\u00abParece-me que, no C\u00e9u, a minha miss\u00e3o ser\u00e1 a de atrair as almas ajudando-as a sa\u00edrem de si mesmas para aderirem a Deus, por um movimento muito [&hellip;]<\/p>\n","protected":false},"author":1,"featured_media":3184,"comment_status":"closed","ping_status":"open","sticky":false,"template":"","format":"standard","meta":{"_et_pb_use_builder":"off","_et_pb_old_content":"","_et_gb_content_width":"","footnotes":""},"categories":[37,14],"tags":[],"class_list":["post-3186","post","type-post","status-publish","format-standard","has-post-thumbnail","hentry","category-formacao","category-oracao","et-has-post-format-content","et_post_format-et-post-format-standard"],"_links":{"self":[{"href":"https:\/\/espiritualidade.carmelitas.pt\/boletim\/wp-json\/wp\/v2\/posts\/3186","targetHints":{"allow":["GET"]}}],"collection":[{"href":"https:\/\/espiritualidade.carmelitas.pt\/boletim\/wp-json\/wp\/v2\/posts"}],"about":[{"href":"https:\/\/espiritualidade.carmelitas.pt\/boletim\/wp-json\/wp\/v2\/types\/post"}],"author":[{"embeddable":true,"href":"https:\/\/espiritualidade.carmelitas.pt\/boletim\/wp-json\/wp\/v2\/users\/1"}],"replies":[{"embeddable":true,"href":"https:\/\/espiritualidade.carmelitas.pt\/boletim\/wp-json\/wp\/v2\/comments?post=3186"}],"version-history":[{"count":2,"href":"https:\/\/espiritualidade.carmelitas.pt\/boletim\/wp-json\/wp\/v2\/posts\/3186\/revisions"}],"predecessor-version":[{"id":3188,"href":"https:\/\/espiritualidade.carmelitas.pt\/boletim\/wp-json\/wp\/v2\/posts\/3186\/revisions\/3188"}],"wp:featuredmedia":[{"embeddable":true,"href":"https:\/\/espiritualidade.carmelitas.pt\/boletim\/wp-json\/wp\/v2\/media\/3184"}],"wp:attachment":[{"href":"https:\/\/espiritualidade.carmelitas.pt\/boletim\/wp-json\/wp\/v2\/media?parent=3186"}],"wp:term":[{"taxonomy":"category","embeddable":true,"href":"https:\/\/espiritualidade.carmelitas.pt\/boletim\/wp-json\/wp\/v2\/categories?post=3186"},{"taxonomy":"post_tag","embeddable":true,"href":"https:\/\/espiritualidade.carmelitas.pt\/boletim\/wp-json\/wp\/v2\/tags?post=3186"}],"curies":[{"name":"wp","href":"https:\/\/api.w.org\/{rel}","templated":true}]}}