{"id":3081,"date":"2022-06-29T07:53:39","date_gmt":"2022-06-29T07:53:39","guid":{"rendered":"https:\/\/espiritualidade.carmelitas.pt\/boletim\/?p=3081"},"modified":"2022-06-29T07:53:42","modified_gmt":"2022-06-29T07:53:42","slug":"exposicao-de-pintura-feliz-de-ti-que-acreditastes","status":"publish","type":"post","link":"https:\/\/espiritualidade.carmelitas.pt\/boletim\/exposicao-de-pintura-feliz-de-ti-que-acreditastes\/","title":{"rendered":"Exposi\u00e7\u00e3o de pintura: \u00abFeliz de Ti que acreditastes\u00bb"},"content":{"rendered":"\n<p>A Ordem dos Carmelitas Descal\u00e7os, inaugura no dia 29 de junho, pelas 13h30, no claustro do seu Convento do Carmo de Viana do Castelo, uma exposi\u00e7\u00e3o de pintura intitulada: \u00abFeliz de Ti que acreditastes\u00bb, do vianense Artur Passos, dedicada \u00e0 Senhora do Carmo, padroeira deste Convento. A Virgem Maria \u00e9 tudo \u00e9 modelo perfeito de escuta e pr\u00e1tica da Palavra de Deus; Mulher do sil\u00eancio orante, da contempla\u00e7\u00e3o, servi\u00e7o e fraternidade. Neste m\u00eas de julho, m\u00eas da Senhora do Carmo, marcamos assim com mais um evento, os 90 anos do regresso dos Carmelitas Descal\u00e7os \u00e0 cidade de Viana do Castelo. A Comunidade convida os seus amigos, colaboradores e fi\u00e9is a visitar esta exposi\u00e7\u00e3o, que se manter\u00e1 aberta desde o dia 1 ao 30 de julho; poder\u00e1 ser visitada ap\u00f3s as celebra\u00e7\u00f5es ou por marca\u00e7\u00e3o: <a href=\"mailto:viana@carmelitas.pt\">viana@carmelitas.pt<\/a><\/p>\n","protected":false},"excerpt":{"rendered":"<p>A Ordem dos Carmelitas Descal\u00e7os, inaugura no dia 29 de junho, pelas 13h30, no claustro do seu Convento do Carmo de Viana do Castelo, uma exposi\u00e7\u00e3o de pintura intitulada: \u00abFeliz [&hellip;]<\/p>\n","protected":false},"author":1,"featured_media":3082,"comment_status":"closed","ping_status":"open","sticky":false,"template":"","format":"standard","meta":{"_et_pb_use_builder":"off","_et_pb_old_content":"","_et_gb_content_width":"","footnotes":""},"categories":[13],"tags":[],"class_list":["post-3081","post","type-post","status-publish","format-standard","has-post-thumbnail","hentry","category-divulgacao","et-has-post-format-content","et_post_format-et-post-format-standard"],"_links":{"self":[{"href":"https:\/\/espiritualidade.carmelitas.pt\/boletim\/wp-json\/wp\/v2\/posts\/3081","targetHints":{"allow":["GET"]}}],"collection":[{"href":"https:\/\/espiritualidade.carmelitas.pt\/boletim\/wp-json\/wp\/v2\/posts"}],"about":[{"href":"https:\/\/espiritualidade.carmelitas.pt\/boletim\/wp-json\/wp\/v2\/types\/post"}],"author":[{"embeddable":true,"href":"https:\/\/espiritualidade.carmelitas.pt\/boletim\/wp-json\/wp\/v2\/users\/1"}],"replies":[{"embeddable":true,"href":"https:\/\/espiritualidade.carmelitas.pt\/boletim\/wp-json\/wp\/v2\/comments?post=3081"}],"version-history":[{"count":1,"href":"https:\/\/espiritualidade.carmelitas.pt\/boletim\/wp-json\/wp\/v2\/posts\/3081\/revisions"}],"predecessor-version":[{"id":3083,"href":"https:\/\/espiritualidade.carmelitas.pt\/boletim\/wp-json\/wp\/v2\/posts\/3081\/revisions\/3083"}],"wp:featuredmedia":[{"embeddable":true,"href":"https:\/\/espiritualidade.carmelitas.pt\/boletim\/wp-json\/wp\/v2\/media\/3082"}],"wp:attachment":[{"href":"https:\/\/espiritualidade.carmelitas.pt\/boletim\/wp-json\/wp\/v2\/media?parent=3081"}],"wp:term":[{"taxonomy":"category","embeddable":true,"href":"https:\/\/espiritualidade.carmelitas.pt\/boletim\/wp-json\/wp\/v2\/categories?post=3081"},{"taxonomy":"post_tag","embeddable":true,"href":"https:\/\/espiritualidade.carmelitas.pt\/boletim\/wp-json\/wp\/v2\/tags?post=3081"}],"curies":[{"name":"wp","href":"https:\/\/api.w.org\/{rel}","templated":true}]}}