{"id":3073,"date":"2022-06-30T02:09:00","date_gmt":"2022-06-30T02:09:00","guid":{"rendered":"https:\/\/espiritualidade.carmelitas.pt\/boletim\/?p=3073"},"modified":"2022-06-27T07:28:15","modified_gmt":"2022-06-27T07:28:15","slug":"a-beleza-de-caminhar-juntos","status":"publish","type":"post","link":"https:\/\/espiritualidade.carmelitas.pt\/boletim\/a-beleza-de-caminhar-juntos\/","title":{"rendered":"A beleza de caminhar juntos"},"content":{"rendered":"\n<p><em>Retiro: Avessadas, 22 a 24 de julho<\/em><br>As Irm\u00e3s Carmelitas Mission\u00e1rias, ir\u00e3o promover, no fim de semana de 22 a 24 de julho, <a href=\"https:\/\/avessadas.carmelitas.pt\/noticias\/retiro-a-beleza-de-caminhar-juntos\/\">um retiro com uma din\u00e2mica especial<\/a>, dando destaque \u00e0 m\u00fasica e ao canto como privilegiados para a rela\u00e7\u00e3o com Deus. A atividade, que se realiza no Centro de Espiritualidade, em Avessadas, Marco de Canaveses, conta com a interven\u00e7\u00e3o de Clara Palma, leiga associada \u00e0 congrega\u00e7\u00e3o das Carmelitas Mission\u00e1rias. <\/p>\n","protected":false},"excerpt":{"rendered":"<p>Retiro: Avessadas, 22 a 24 de julhoAs Irm\u00e3s Carmelitas Mission\u00e1rias, ir\u00e3o promover, no fim de semana de 22 a 24 de julho, um retiro com uma din\u00e2mica especial, dando destaque [&hellip;]<\/p>\n","protected":false},"author":1,"featured_media":3069,"comment_status":"closed","ping_status":"open","sticky":false,"template":"","format":"standard","meta":{"_et_pb_use_builder":"off","_et_pb_old_content":"","_et_gb_content_width":"","footnotes":""},"categories":[36],"tags":[],"class_list":["post-3073","post","type-post","status-publish","format-standard","has-post-thumbnail","hentry","category-retiro","et-has-post-format-content","et_post_format-et-post-format-standard"],"_links":{"self":[{"href":"https:\/\/espiritualidade.carmelitas.pt\/boletim\/wp-json\/wp\/v2\/posts\/3073","targetHints":{"allow":["GET"]}}],"collection":[{"href":"https:\/\/espiritualidade.carmelitas.pt\/boletim\/wp-json\/wp\/v2\/posts"}],"about":[{"href":"https:\/\/espiritualidade.carmelitas.pt\/boletim\/wp-json\/wp\/v2\/types\/post"}],"author":[{"embeddable":true,"href":"https:\/\/espiritualidade.carmelitas.pt\/boletim\/wp-json\/wp\/v2\/users\/1"}],"replies":[{"embeddable":true,"href":"https:\/\/espiritualidade.carmelitas.pt\/boletim\/wp-json\/wp\/v2\/comments?post=3073"}],"version-history":[{"count":1,"href":"https:\/\/espiritualidade.carmelitas.pt\/boletim\/wp-json\/wp\/v2\/posts\/3073\/revisions"}],"predecessor-version":[{"id":3074,"href":"https:\/\/espiritualidade.carmelitas.pt\/boletim\/wp-json\/wp\/v2\/posts\/3073\/revisions\/3074"}],"wp:featuredmedia":[{"embeddable":true,"href":"https:\/\/espiritualidade.carmelitas.pt\/boletim\/wp-json\/wp\/v2\/media\/3069"}],"wp:attachment":[{"href":"https:\/\/espiritualidade.carmelitas.pt\/boletim\/wp-json\/wp\/v2\/media?parent=3073"}],"wp:term":[{"taxonomy":"category","embeddable":true,"href":"https:\/\/espiritualidade.carmelitas.pt\/boletim\/wp-json\/wp\/v2\/categories?post=3073"},{"taxonomy":"post_tag","embeddable":true,"href":"https:\/\/espiritualidade.carmelitas.pt\/boletim\/wp-json\/wp\/v2\/tags?post=3073"}],"curies":[{"name":"wp","href":"https:\/\/api.w.org\/{rel}","templated":true}]}}