{"id":3071,"date":"2022-06-30T02:09:00","date_gmt":"2022-06-30T02:09:00","guid":{"rendered":"https:\/\/espiritualidade.carmelitas.pt\/boletim\/?p=3071"},"modified":"2022-06-27T07:26:44","modified_gmt":"2022-06-27T07:26:44","slug":"ii-jornadas-sobre-longevidade-e-espiritualidade","status":"publish","type":"post","link":"https:\/\/espiritualidade.carmelitas.pt\/boletim\/ii-jornadas-sobre-longevidade-e-espiritualidade\/","title":{"rendered":"II Jornadas sobre Longevidade e Espiritualidade"},"content":{"rendered":"\n<p><em>Avessadas, 22 a 26 de agosto<\/em><br>O Centro de Espiritualidade, em Avessadas, Marco de Canaveses, ir\u00e1 realizar de 22 a 26 de agosto de 2022 as II Jornadas dedicadas ao tema da<a href=\"https:\/\/www.carmelitas.pt\/site\/noticias\/noticias_ver.php?cod_noticia=684\"> Longevidade e Espiritualidade<\/a>, desta vez abordando diferentes perspetivas sobre a arte de valorizar ao longo da idade. Estas jornadas pretendem ajudar a refletir em torno de contributos cient\u00edficos relevantes que ajudem a perceber o que importa valorizar para que a vida seja plenamente vivida, partindo do princ\u00edpio de que o envelhecimento pode ser positivo, isto \u00e9, quando os indiv\u00edduos conseguem manter uma vida significativa e com prop\u00f3sito. <\/p>\n","protected":false},"excerpt":{"rendered":"<p>Avessadas, 22 a 26 de agostoO Centro de Espiritualidade, em Avessadas, Marco de Canaveses, ir\u00e1 realizar de 22 a 26 de agosto de 2022 as II Jornadas dedicadas ao tema [&hellip;]<\/p>\n","protected":false},"author":1,"featured_media":3067,"comment_status":"closed","ping_status":"open","sticky":false,"template":"","format":"standard","meta":{"_et_pb_use_builder":"off","_et_pb_old_content":"","_et_gb_content_width":"","footnotes":""},"categories":[36],"tags":[],"class_list":["post-3071","post","type-post","status-publish","format-standard","has-post-thumbnail","hentry","category-retiro","et-has-post-format-content","et_post_format-et-post-format-standard"],"_links":{"self":[{"href":"https:\/\/espiritualidade.carmelitas.pt\/boletim\/wp-json\/wp\/v2\/posts\/3071","targetHints":{"allow":["GET"]}}],"collection":[{"href":"https:\/\/espiritualidade.carmelitas.pt\/boletim\/wp-json\/wp\/v2\/posts"}],"about":[{"href":"https:\/\/espiritualidade.carmelitas.pt\/boletim\/wp-json\/wp\/v2\/types\/post"}],"author":[{"embeddable":true,"href":"https:\/\/espiritualidade.carmelitas.pt\/boletim\/wp-json\/wp\/v2\/users\/1"}],"replies":[{"embeddable":true,"href":"https:\/\/espiritualidade.carmelitas.pt\/boletim\/wp-json\/wp\/v2\/comments?post=3071"}],"version-history":[{"count":1,"href":"https:\/\/espiritualidade.carmelitas.pt\/boletim\/wp-json\/wp\/v2\/posts\/3071\/revisions"}],"predecessor-version":[{"id":3072,"href":"https:\/\/espiritualidade.carmelitas.pt\/boletim\/wp-json\/wp\/v2\/posts\/3071\/revisions\/3072"}],"wp:featuredmedia":[{"embeddable":true,"href":"https:\/\/espiritualidade.carmelitas.pt\/boletim\/wp-json\/wp\/v2\/media\/3067"}],"wp:attachment":[{"href":"https:\/\/espiritualidade.carmelitas.pt\/boletim\/wp-json\/wp\/v2\/media?parent=3071"}],"wp:term":[{"taxonomy":"category","embeddable":true,"href":"https:\/\/espiritualidade.carmelitas.pt\/boletim\/wp-json\/wp\/v2\/categories?post=3071"},{"taxonomy":"post_tag","embeddable":true,"href":"https:\/\/espiritualidade.carmelitas.pt\/boletim\/wp-json\/wp\/v2\/tags?post=3071"}],"curies":[{"name":"wp","href":"https:\/\/api.w.org\/{rel}","templated":true}]}}