{"id":3064,"date":"2022-06-30T02:08:00","date_gmt":"2022-06-30T02:08:00","guid":{"rendered":"https:\/\/espiritualidade.carmelitas.pt\/boletim\/?p=3064"},"modified":"2022-06-27T07:25:31","modified_gmt":"2022-06-27T07:25:31","slug":"introducao-a-leitura-da-biblia","status":"publish","type":"post","link":"https:\/\/espiritualidade.carmelitas.pt\/boletim\/introducao-a-leitura-da-biblia\/","title":{"rendered":"Introdu\u00e7\u00e3o \u00e0 leitura da B\u00edblia"},"content":{"rendered":"\n<p><em>Com a orienta\u00e7\u00e3o de Armindo Vaz<\/em><\/p>\n\n\n\n<p>Com o objetivo de aumentar e <a href=\"https:\/\/www.carmelitas.pt\/site\/noticias\/noticias_ver.php?cod_noticia=682\">aprofundar os conhecimentos b\u00edblicos<\/a>, os Carmelitas Seculares programaram um curso b\u00edblico online que ser\u00e1 orientado pelo biblista padre Armindo Vaz, ocd. Consta de 15 encontros, com cerca de 90 minutos cada um; o \u00faltimo, o 15.\u00ba encontro ser\u00e1 presencial, na Domus Carmeli, em F\u00e1tima. As aulas ter\u00e3o in\u00edcio \u00e0s 18:30h e prolongam-se at\u00e9 \u00e0s 20h. O curso percorrer\u00e1 os temas b\u00e1sicos de leitura e interpreta\u00e7\u00e3o da Sagrada Escritura, para que os participantes possam aprofundar e encontrar na Palavra a fonte da vida espiritual e pastoral. O estudo ter\u00e1 tamb\u00e9m como prop\u00f3sito contribuir para uma melhor viv\u00eancia das celebra\u00e7\u00f5es lit\u00fargicas, preparar uma sess\u00e3o de catequese ou outra forma\u00e7\u00e3o, um momento orante ou simplesmente poder tomar um tema b\u00edblico como ponto de partida para um di\u00e1logo em fam\u00edlia ou com os amigos. O manual de base ser\u00e1 o livro de Armindo Vaz, intitulado: Palavra viva, Escritura poderosa, editado pela Universidade Cat\u00f3lica. <\/p>\n","protected":false},"excerpt":{"rendered":"<p>Com a orienta\u00e7\u00e3o de Armindo Vaz Com o objetivo de aumentar e aprofundar os conhecimentos b\u00edblicos, os Carmelitas Seculares programaram um curso b\u00edblico online que ser\u00e1 orientado pelo biblista padre [&hellip;]<\/p>\n","protected":false},"author":1,"featured_media":3066,"comment_status":"closed","ping_status":"open","sticky":false,"template":"","format":"standard","meta":{"_et_pb_use_builder":"off","_et_pb_old_content":"","_et_gb_content_width":"","footnotes":""},"categories":[1],"tags":[],"class_list":["post-3064","post","type-post","status-publish","format-standard","has-post-thumbnail","hentry","category-cursos","et-has-post-format-content","et_post_format-et-post-format-standard"],"_links":{"self":[{"href":"https:\/\/espiritualidade.carmelitas.pt\/boletim\/wp-json\/wp\/v2\/posts\/3064","targetHints":{"allow":["GET"]}}],"collection":[{"href":"https:\/\/espiritualidade.carmelitas.pt\/boletim\/wp-json\/wp\/v2\/posts"}],"about":[{"href":"https:\/\/espiritualidade.carmelitas.pt\/boletim\/wp-json\/wp\/v2\/types\/post"}],"author":[{"embeddable":true,"href":"https:\/\/espiritualidade.carmelitas.pt\/boletim\/wp-json\/wp\/v2\/users\/1"}],"replies":[{"embeddable":true,"href":"https:\/\/espiritualidade.carmelitas.pt\/boletim\/wp-json\/wp\/v2\/comments?post=3064"}],"version-history":[{"count":1,"href":"https:\/\/espiritualidade.carmelitas.pt\/boletim\/wp-json\/wp\/v2\/posts\/3064\/revisions"}],"predecessor-version":[{"id":3070,"href":"https:\/\/espiritualidade.carmelitas.pt\/boletim\/wp-json\/wp\/v2\/posts\/3064\/revisions\/3070"}],"wp:featuredmedia":[{"embeddable":true,"href":"https:\/\/espiritualidade.carmelitas.pt\/boletim\/wp-json\/wp\/v2\/media\/3066"}],"wp:attachment":[{"href":"https:\/\/espiritualidade.carmelitas.pt\/boletim\/wp-json\/wp\/v2\/media?parent=3064"}],"wp:term":[{"taxonomy":"category","embeddable":true,"href":"https:\/\/espiritualidade.carmelitas.pt\/boletim\/wp-json\/wp\/v2\/categories?post=3064"},{"taxonomy":"post_tag","embeddable":true,"href":"https:\/\/espiritualidade.carmelitas.pt\/boletim\/wp-json\/wp\/v2\/tags?post=3064"}],"curies":[{"name":"wp","href":"https:\/\/api.w.org\/{rel}","templated":true}]}}