{"id":3059,"date":"2022-05-30T07:54:21","date_gmt":"2022-05-30T07:54:21","guid":{"rendered":"https:\/\/espiritualidade.carmelitas.pt\/boletim\/?p=3059"},"modified":"2022-05-30T07:54:24","modified_gmt":"2022-05-30T07:54:24","slug":"i-jornada-gastronomica-carmelita","status":"publish","type":"post","link":"https:\/\/espiritualidade.carmelitas.pt\/boletim\/i-jornada-gastronomica-carmelita\/","title":{"rendered":"I Jornada Gastron\u00f3mica Carmelita"},"content":{"rendered":"\n<p>O Convento do Carmo promove por ocasi\u00e3o dos 90 anos do regresso dos Carmelitas Descal\u00e7os \u00e0 cidade de Viana do Castelo e ao seu convento do Carmo, a I Jornada Gastron\u00f3mica que se realiza no dia 18 de junho com in\u00edcio \u00e0s 10h30 e tem o seu ponto alto no almo\u00e7o. O bacalhau \u00e0 carmelita \u00e9 o protagonista da I jornada gastron\u00f3mica \u00abCozinha Carmelita\u00bb.<\/p>\n\n\n\n<p>As inscri\u00e7\u00f5es s\u00e3o limitadas ao espa\u00e7o dispon\u00edvel e devem ser realizadas para o email: <a href=\"mailto:viana@carmelitas.pt\">viana@carmelitas.pt<\/a><\/p>\n","protected":false},"excerpt":{"rendered":"<p>O Convento do Carmo promove por ocasi\u00e3o dos 90 anos do regresso dos Carmelitas Descal\u00e7os \u00e0 cidade de Viana do Castelo e ao seu convento do Carmo, a I Jornada [&hellip;]<\/p>\n","protected":false},"author":1,"featured_media":3057,"comment_status":"closed","ping_status":"open","sticky":false,"template":"","format":"standard","meta":{"_et_pb_use_builder":"off","_et_pb_old_content":"","_et_gb_content_width":"","footnotes":""},"categories":[13],"tags":[],"class_list":["post-3059","post","type-post","status-publish","format-standard","has-post-thumbnail","hentry","category-divulgacao","et-has-post-format-content","et_post_format-et-post-format-standard"],"_links":{"self":[{"href":"https:\/\/espiritualidade.carmelitas.pt\/boletim\/wp-json\/wp\/v2\/posts\/3059","targetHints":{"allow":["GET"]}}],"collection":[{"href":"https:\/\/espiritualidade.carmelitas.pt\/boletim\/wp-json\/wp\/v2\/posts"}],"about":[{"href":"https:\/\/espiritualidade.carmelitas.pt\/boletim\/wp-json\/wp\/v2\/types\/post"}],"author":[{"embeddable":true,"href":"https:\/\/espiritualidade.carmelitas.pt\/boletim\/wp-json\/wp\/v2\/users\/1"}],"replies":[{"embeddable":true,"href":"https:\/\/espiritualidade.carmelitas.pt\/boletim\/wp-json\/wp\/v2\/comments?post=3059"}],"version-history":[{"count":1,"href":"https:\/\/espiritualidade.carmelitas.pt\/boletim\/wp-json\/wp\/v2\/posts\/3059\/revisions"}],"predecessor-version":[{"id":3060,"href":"https:\/\/espiritualidade.carmelitas.pt\/boletim\/wp-json\/wp\/v2\/posts\/3059\/revisions\/3060"}],"wp:featuredmedia":[{"embeddable":true,"href":"https:\/\/espiritualidade.carmelitas.pt\/boletim\/wp-json\/wp\/v2\/media\/3057"}],"wp:attachment":[{"href":"https:\/\/espiritualidade.carmelitas.pt\/boletim\/wp-json\/wp\/v2\/media?parent=3059"}],"wp:term":[{"taxonomy":"category","embeddable":true,"href":"https:\/\/espiritualidade.carmelitas.pt\/boletim\/wp-json\/wp\/v2\/categories?post=3059"},{"taxonomy":"post_tag","embeddable":true,"href":"https:\/\/espiritualidade.carmelitas.pt\/boletim\/wp-json\/wp\/v2\/tags?post=3059"}],"curies":[{"name":"wp","href":"https:\/\/api.w.org\/{rel}","templated":true}]}}