{"id":3055,"date":"2022-05-30T07:53:09","date_gmt":"2022-05-30T07:53:09","guid":{"rendered":"https:\/\/espiritualidade.carmelitas.pt\/boletim\/?p=3055"},"modified":"2022-05-30T07:53:11","modified_gmt":"2022-05-30T07:53:11","slug":"concerto-espiritual","status":"publish","type":"post","link":"https:\/\/espiritualidade.carmelitas.pt\/boletim\/concerto-espiritual\/","title":{"rendered":"Concerto espiritual"},"content":{"rendered":"\n<p>A Escola do Carmo de Viana do Castelo une-se \u00e0 comunidade dos Carmelitas Descal\u00e7os dando um Concerto Espiritual Teresiano-S\u00e3ojoanisno por ocasi\u00e3o dos 90 anos do seu regresso \u00e0 cidade de Viana do Castelo e ao seu convento do Carmo, no dia 30 de Junho, \u00e0s 18h00.<\/p>\n","protected":false},"excerpt":{"rendered":"<p>A Escola do Carmo de Viana do Castelo une-se \u00e0 comunidade dos Carmelitas Descal\u00e7os dando um Concerto Espiritual Teresiano-S\u00e3ojoanisno por ocasi\u00e3o dos 90 anos do seu regresso \u00e0 cidade de [&hellip;]<\/p>\n","protected":false},"author":1,"featured_media":3056,"comment_status":"closed","ping_status":"open","sticky":false,"template":"","format":"standard","meta":{"_et_pb_use_builder":"off","_et_pb_old_content":"","_et_gb_content_width":"","footnotes":""},"categories":[13],"tags":[],"class_list":["post-3055","post","type-post","status-publish","format-standard","has-post-thumbnail","hentry","category-divulgacao","et-has-post-format-content","et_post_format-et-post-format-standard"],"_links":{"self":[{"href":"https:\/\/espiritualidade.carmelitas.pt\/boletim\/wp-json\/wp\/v2\/posts\/3055","targetHints":{"allow":["GET"]}}],"collection":[{"href":"https:\/\/espiritualidade.carmelitas.pt\/boletim\/wp-json\/wp\/v2\/posts"}],"about":[{"href":"https:\/\/espiritualidade.carmelitas.pt\/boletim\/wp-json\/wp\/v2\/types\/post"}],"author":[{"embeddable":true,"href":"https:\/\/espiritualidade.carmelitas.pt\/boletim\/wp-json\/wp\/v2\/users\/1"}],"replies":[{"embeddable":true,"href":"https:\/\/espiritualidade.carmelitas.pt\/boletim\/wp-json\/wp\/v2\/comments?post=3055"}],"version-history":[{"count":1,"href":"https:\/\/espiritualidade.carmelitas.pt\/boletim\/wp-json\/wp\/v2\/posts\/3055\/revisions"}],"predecessor-version":[{"id":3058,"href":"https:\/\/espiritualidade.carmelitas.pt\/boletim\/wp-json\/wp\/v2\/posts\/3055\/revisions\/3058"}],"wp:featuredmedia":[{"embeddable":true,"href":"https:\/\/espiritualidade.carmelitas.pt\/boletim\/wp-json\/wp\/v2\/media\/3056"}],"wp:attachment":[{"href":"https:\/\/espiritualidade.carmelitas.pt\/boletim\/wp-json\/wp\/v2\/media?parent=3055"}],"wp:term":[{"taxonomy":"category","embeddable":true,"href":"https:\/\/espiritualidade.carmelitas.pt\/boletim\/wp-json\/wp\/v2\/categories?post=3055"},{"taxonomy":"post_tag","embeddable":true,"href":"https:\/\/espiritualidade.carmelitas.pt\/boletim\/wp-json\/wp\/v2\/tags?post=3055"}],"curies":[{"name":"wp","href":"https:\/\/api.w.org\/{rel}","templated":true}]}}