{"id":3048,"date":"2022-05-31T04:09:00","date_gmt":"2022-05-31T04:09:00","guid":{"rendered":"https:\/\/espiritualidade.carmelitas.pt\/boletim\/?p=3048"},"modified":"2022-05-27T16:10:38","modified_gmt":"2022-05-27T16:10:38","slug":"jacinta-marto-vidente-de-fatima","status":"publish","type":"post","link":"https:\/\/espiritualidade.carmelitas.pt\/boletim\/jacinta-marto-vidente-de-fatima\/","title":{"rendered":"Jacinta Marto, vidente de F\u00e1tima"},"content":{"rendered":"\n<p><em>Cursos de Ver\u00e3o 2022<\/em><\/p>\n\n\n\n<p>O Santu\u00e1rio de F\u00e1tima vai realizar a <a href=\"https:\/\/www.fatima.pt\/pt\/pages\/cursos-de-verao-2022\">7.\u00aa edi\u00e7\u00e3o do Curso de Ver\u00e3o<\/a>. O encontro vai aprofundar a biografia e o contexto hist\u00f3rico de Santa Jacinta Marto, \u201cal\u00e9m de abordagens sobre a hist\u00f3ria nacional e local, tamb\u00e9m se procurar\u00e1 analisar o contexto religioso e social dos in\u00edcios da cent\u00faria de Novecentos. Merecer\u00e1 especial aten\u00e7\u00e3o o trajeto biogr\u00e1fico e a espiritualidade desta importante protagonista de F\u00e1tima, assim como as fontes e as representa\u00e7\u00f5es art\u00edsticas que lhe est\u00e3o associadas\u201d, l\u00ea-se na sinopse que apresenta esta proposta formativa onde estar\u00e3o presentes investigadores de diferentes academias. \uf320<\/p>\n","protected":false},"excerpt":{"rendered":"<p>Cursos de Ver\u00e3o 2022 O Santu\u00e1rio de F\u00e1tima vai realizar a 7.\u00aa edi\u00e7\u00e3o do Curso de Ver\u00e3o. O encontro vai aprofundar a biografia e o contexto hist\u00f3rico de Santa Jacinta [&hellip;]<\/p>\n","protected":false},"author":1,"featured_media":3039,"comment_status":"closed","ping_status":"open","sticky":false,"template":"","format":"standard","meta":{"_et_pb_use_builder":"off","_et_pb_old_content":"","_et_gb_content_width":"","footnotes":""},"categories":[1],"tags":[],"class_list":["post-3048","post","type-post","status-publish","format-standard","has-post-thumbnail","hentry","category-cursos","et-has-post-format-content","et_post_format-et-post-format-standard"],"_links":{"self":[{"href":"https:\/\/espiritualidade.carmelitas.pt\/boletim\/wp-json\/wp\/v2\/posts\/3048","targetHints":{"allow":["GET"]}}],"collection":[{"href":"https:\/\/espiritualidade.carmelitas.pt\/boletim\/wp-json\/wp\/v2\/posts"}],"about":[{"href":"https:\/\/espiritualidade.carmelitas.pt\/boletim\/wp-json\/wp\/v2\/types\/post"}],"author":[{"embeddable":true,"href":"https:\/\/espiritualidade.carmelitas.pt\/boletim\/wp-json\/wp\/v2\/users\/1"}],"replies":[{"embeddable":true,"href":"https:\/\/espiritualidade.carmelitas.pt\/boletim\/wp-json\/wp\/v2\/comments?post=3048"}],"version-history":[{"count":1,"href":"https:\/\/espiritualidade.carmelitas.pt\/boletim\/wp-json\/wp\/v2\/posts\/3048\/revisions"}],"predecessor-version":[{"id":3049,"href":"https:\/\/espiritualidade.carmelitas.pt\/boletim\/wp-json\/wp\/v2\/posts\/3048\/revisions\/3049"}],"wp:featuredmedia":[{"embeddable":true,"href":"https:\/\/espiritualidade.carmelitas.pt\/boletim\/wp-json\/wp\/v2\/media\/3039"}],"wp:attachment":[{"href":"https:\/\/espiritualidade.carmelitas.pt\/boletim\/wp-json\/wp\/v2\/media?parent=3048"}],"wp:term":[{"taxonomy":"category","embeddable":true,"href":"https:\/\/espiritualidade.carmelitas.pt\/boletim\/wp-json\/wp\/v2\/categories?post=3048"},{"taxonomy":"post_tag","embeddable":true,"href":"https:\/\/espiritualidade.carmelitas.pt\/boletim\/wp-json\/wp\/v2\/tags?post=3048"}],"curies":[{"name":"wp","href":"https:\/\/api.w.org\/{rel}","templated":true}]}}