{"id":3046,"date":"2022-05-31T04:07:00","date_gmt":"2022-05-31T04:07:00","guid":{"rendered":"https:\/\/espiritualidade.carmelitas.pt\/boletim\/?p=3046"},"modified":"2022-05-27T16:08:56","modified_gmt":"2022-05-27T16:08:56","slug":"jornada-de-espiritualidade-eucaristica","status":"publish","type":"post","link":"https:\/\/espiritualidade.carmelitas.pt\/boletim\/jornada-de-espiritualidade-eucaristica\/","title":{"rendered":"Jornada de espiritualidade eucar\u00edstica"},"content":{"rendered":"\n<p>Mirandela, 10 de junho de 2022<\/p>\n\n\n\n<p>A Congrega\u00e7\u00e3o das Servas Franciscanas Reparadoras de Jesus Sacramentado, vai realizar a I Jornada de Espiritualidade Eucar\u00edstica no dia 10 de junho de 2022. O evento ter\u00e1 lugar em Mirandela, no audit\u00f3rio do Centro Juvenil dos Salesianos, durante o per\u00edodo da manh\u00e3. Ter\u00e1 a interven\u00e7\u00e3o de Silv\u00e9rio Pires, Pedro Sinde e Em\u00edlia Seixas. Servir\u00e1 de base de reflex\u00e3o a esta atividade a figura da Ir. Maria de S. Jo\u00e3o Evangelista, no 40.\u00ba anivers\u00e1rio do seu falecimento. Fiel disc\u00edpula de Jesus, o seu desiderato continua vivo e atual para a Congrega\u00e7\u00e3o que ela inspirou, para o Movimento Eucar\u00edstico de Leigos que peregrina na f\u00e9, para quantos vivem da Eucaristia, o Sacramento que \u00e9 \u201cfonte e cume da vida e da miss\u00e3o da Igreja\u201d. (LG 11). \uf320<\/p>\n","protected":false},"excerpt":{"rendered":"<p>Mirandela, 10 de junho de 2022 A Congrega\u00e7\u00e3o das Servas Franciscanas Reparadoras de Jesus Sacramentado, vai realizar a I Jornada de Espiritualidade Eucar\u00edstica no dia 10 de junho de 2022. [&hellip;]<\/p>\n","protected":false},"author":1,"featured_media":3038,"comment_status":"closed","ping_status":"open","sticky":false,"template":"","format":"standard","meta":{"_et_pb_use_builder":"off","_et_pb_old_content":"","_et_gb_content_width":"","footnotes":""},"categories":[35],"tags":[],"class_list":["post-3046","post","type-post","status-publish","format-standard","has-post-thumbnail","hentry","category-jornada","et-has-post-format-content","et_post_format-et-post-format-standard"],"_links":{"self":[{"href":"https:\/\/espiritualidade.carmelitas.pt\/boletim\/wp-json\/wp\/v2\/posts\/3046","targetHints":{"allow":["GET"]}}],"collection":[{"href":"https:\/\/espiritualidade.carmelitas.pt\/boletim\/wp-json\/wp\/v2\/posts"}],"about":[{"href":"https:\/\/espiritualidade.carmelitas.pt\/boletim\/wp-json\/wp\/v2\/types\/post"}],"author":[{"embeddable":true,"href":"https:\/\/espiritualidade.carmelitas.pt\/boletim\/wp-json\/wp\/v2\/users\/1"}],"replies":[{"embeddable":true,"href":"https:\/\/espiritualidade.carmelitas.pt\/boletim\/wp-json\/wp\/v2\/comments?post=3046"}],"version-history":[{"count":1,"href":"https:\/\/espiritualidade.carmelitas.pt\/boletim\/wp-json\/wp\/v2\/posts\/3046\/revisions"}],"predecessor-version":[{"id":3047,"href":"https:\/\/espiritualidade.carmelitas.pt\/boletim\/wp-json\/wp\/v2\/posts\/3046\/revisions\/3047"}],"wp:featuredmedia":[{"embeddable":true,"href":"https:\/\/espiritualidade.carmelitas.pt\/boletim\/wp-json\/wp\/v2\/media\/3038"}],"wp:attachment":[{"href":"https:\/\/espiritualidade.carmelitas.pt\/boletim\/wp-json\/wp\/v2\/media?parent=3046"}],"wp:term":[{"taxonomy":"category","embeddable":true,"href":"https:\/\/espiritualidade.carmelitas.pt\/boletim\/wp-json\/wp\/v2\/categories?post=3046"},{"taxonomy":"post_tag","embeddable":true,"href":"https:\/\/espiritualidade.carmelitas.pt\/boletim\/wp-json\/wp\/v2\/tags?post=3046"}],"curies":[{"name":"wp","href":"https:\/\/api.w.org\/{rel}","templated":true}]}}