{"id":3044,"date":"2022-05-31T04:06:00","date_gmt":"2022-05-31T04:06:00","guid":{"rendered":"https:\/\/espiritualidade.carmelitas.pt\/boletim\/?p=3044"},"modified":"2022-05-27T16:07:47","modified_gmt":"2022-05-27T16:07:47","slug":"formacao-sobre-a-familia","status":"publish","type":"post","link":"https:\/\/espiritualidade.carmelitas.pt\/boletim\/formacao-sobre-a-familia\/","title":{"rendered":"Forma\u00e7\u00e3o sobre a Fam\u00edlia"},"content":{"rendered":"\n<p><em>Avessadas, 17 a 19 de junho<\/em><br>Cuidar a fam\u00edlia \u00e9 investir na felicidade do casal e dos seus membros. \u00c9 sob este prop\u00f3sito que o Centro de Espiritualidade dos padres Carmelitas, em Avessadas, est\u00e1 a preparar um fim de semana de <a href=\"https:\/\/avessadas.carmelitas.pt\/noticias\/formacao-sobre-a-familia\/\">forma\u00e7\u00e3o direcionado \u00e0 fam\u00edlia<\/a>. Devemos cuidar a sociedade no seu todo, pois todos seremos mais fortes e coesos se tivermos fam\u00edlias felizes que trabalham todos os dias para valorizar as suas rela\u00e7\u00f5es. A atividade ser\u00e1 orientada pelo Padre Carlos Gon\u00e7alves, carmelita, psic\u00f3logo e professor universit\u00e1rio, nos dias 17 a 19 de junho. <\/p>\n","protected":false},"excerpt":{"rendered":"<p>Avessadas, 17 a 19 de junhoCuidar a fam\u00edlia \u00e9 investir na felicidade do casal e dos seus membros. \u00c9 sob este prop\u00f3sito que o Centro de Espiritualidade dos padres Carmelitas, [&hellip;]<\/p>\n","protected":false},"author":1,"featured_media":3041,"comment_status":"closed","ping_status":"open","sticky":false,"template":"","format":"standard","meta":{"_et_pb_use_builder":"off","_et_pb_old_content":"","_et_gb_content_width":"","footnotes":""},"categories":[37],"tags":[],"class_list":["post-3044","post","type-post","status-publish","format-standard","has-post-thumbnail","hentry","category-formacao","et-has-post-format-content","et_post_format-et-post-format-standard"],"_links":{"self":[{"href":"https:\/\/espiritualidade.carmelitas.pt\/boletim\/wp-json\/wp\/v2\/posts\/3044","targetHints":{"allow":["GET"]}}],"collection":[{"href":"https:\/\/espiritualidade.carmelitas.pt\/boletim\/wp-json\/wp\/v2\/posts"}],"about":[{"href":"https:\/\/espiritualidade.carmelitas.pt\/boletim\/wp-json\/wp\/v2\/types\/post"}],"author":[{"embeddable":true,"href":"https:\/\/espiritualidade.carmelitas.pt\/boletim\/wp-json\/wp\/v2\/users\/1"}],"replies":[{"embeddable":true,"href":"https:\/\/espiritualidade.carmelitas.pt\/boletim\/wp-json\/wp\/v2\/comments?post=3044"}],"version-history":[{"count":1,"href":"https:\/\/espiritualidade.carmelitas.pt\/boletim\/wp-json\/wp\/v2\/posts\/3044\/revisions"}],"predecessor-version":[{"id":3045,"href":"https:\/\/espiritualidade.carmelitas.pt\/boletim\/wp-json\/wp\/v2\/posts\/3044\/revisions\/3045"}],"wp:featuredmedia":[{"embeddable":true,"href":"https:\/\/espiritualidade.carmelitas.pt\/boletim\/wp-json\/wp\/v2\/media\/3041"}],"wp:attachment":[{"href":"https:\/\/espiritualidade.carmelitas.pt\/boletim\/wp-json\/wp\/v2\/media?parent=3044"}],"wp:term":[{"taxonomy":"category","embeddable":true,"href":"https:\/\/espiritualidade.carmelitas.pt\/boletim\/wp-json\/wp\/v2\/categories?post=3044"},{"taxonomy":"post_tag","embeddable":true,"href":"https:\/\/espiritualidade.carmelitas.pt\/boletim\/wp-json\/wp\/v2\/tags?post=3044"}],"curies":[{"name":"wp","href":"https:\/\/api.w.org\/{rel}","templated":true}]}}