{"id":3025,"date":"2022-04-30T04:04:00","date_gmt":"2022-04-30T04:04:00","guid":{"rendered":"https:\/\/espiritualidade.carmelitas.pt\/boletim\/?p=3025"},"modified":"2022-04-29T16:05:03","modified_gmt":"2022-04-29T16:05:03","slug":"novena-ao-menino-jesus","status":"publish","type":"post","link":"https:\/\/espiritualidade.carmelitas.pt\/boletim\/novena-ao-menino-jesus\/","title":{"rendered":"Novena ao Menino Jesus"},"content":{"rendered":"\n<p><em>Quanto mais Me honrardes mais Eu vos favorecerei<\/em><br>Depois de uma interrup\u00e7\u00e3o motivada pela pandemia da COVID-19, este ano retomar-se-\u00e1 a tradicional peregrina\u00e7\u00e3o ao Santu\u00e1rio do Menino Jesus de Praga em Avessadas, Marco de Canaveses, no primeiro domingo de junho. Com o intuito de a preparar de forma mais intensa, a Ordem dos Carmelitas Descal\u00e7os ir\u00e1 promover uma novena online, uma jornada espiritual, a come\u00e7ar no dia 27 de maio e que terminar\u00e1 no dia 5 de junho, dia da peregrina\u00e7\u00e3o. A partir do dia 27 de maio, ser\u00e1 disponibilizado um \u00e1udio em que seremos convidados a escutar o Evangelho do dia, a medit\u00e1-lo e relacion\u00e1-lo com o Menino Jesus. Os participantes ser\u00e3o convidados a prolongar a ora\u00e7\u00e3o diante de uma imagem do Deus-menino, que no dia da peregrina\u00e7\u00e3o s\u00e3o convidados a trazer para ser benzida na missa das 11:30h. Os Carmelitas apelam \u00e0 participa\u00e7\u00e3o de todos nesta jornada orante de prepara\u00e7\u00e3o da peregrina\u00e7\u00e3o ao Menino Jesus porque, de acordo com a Sua promessa, \u201cQuanto mais Me honrardes, mais Eu vos favorecerei\u201d. \uf320<\/p>\n","protected":false},"excerpt":{"rendered":"<p>Quanto mais Me honrardes mais Eu vos favorecereiDepois de uma interrup\u00e7\u00e3o motivada pela pandemia da COVID-19, este ano retomar-se-\u00e1 a tradicional peregrina\u00e7\u00e3o ao Santu\u00e1rio do Menino Jesus de Praga em [&hellip;]<\/p>\n","protected":false},"author":1,"featured_media":3026,"comment_status":"closed","ping_status":"open","sticky":false,"template":"","format":"standard","meta":{"_et_pb_use_builder":"off","_et_pb_old_content":"","_et_gb_content_width":"","footnotes":""},"categories":[14],"tags":[],"class_list":["post-3025","post","type-post","status-publish","format-standard","has-post-thumbnail","hentry","category-oracao","et-has-post-format-content","et_post_format-et-post-format-standard"],"_links":{"self":[{"href":"https:\/\/espiritualidade.carmelitas.pt\/boletim\/wp-json\/wp\/v2\/posts\/3025","targetHints":{"allow":["GET"]}}],"collection":[{"href":"https:\/\/espiritualidade.carmelitas.pt\/boletim\/wp-json\/wp\/v2\/posts"}],"about":[{"href":"https:\/\/espiritualidade.carmelitas.pt\/boletim\/wp-json\/wp\/v2\/types\/post"}],"author":[{"embeddable":true,"href":"https:\/\/espiritualidade.carmelitas.pt\/boletim\/wp-json\/wp\/v2\/users\/1"}],"replies":[{"embeddable":true,"href":"https:\/\/espiritualidade.carmelitas.pt\/boletim\/wp-json\/wp\/v2\/comments?post=3025"}],"version-history":[{"count":1,"href":"https:\/\/espiritualidade.carmelitas.pt\/boletim\/wp-json\/wp\/v2\/posts\/3025\/revisions"}],"predecessor-version":[{"id":3027,"href":"https:\/\/espiritualidade.carmelitas.pt\/boletim\/wp-json\/wp\/v2\/posts\/3025\/revisions\/3027"}],"wp:featuredmedia":[{"embeddable":true,"href":"https:\/\/espiritualidade.carmelitas.pt\/boletim\/wp-json\/wp\/v2\/media\/3026"}],"wp:attachment":[{"href":"https:\/\/espiritualidade.carmelitas.pt\/boletim\/wp-json\/wp\/v2\/media?parent=3025"}],"wp:term":[{"taxonomy":"category","embeddable":true,"href":"https:\/\/espiritualidade.carmelitas.pt\/boletim\/wp-json\/wp\/v2\/categories?post=3025"},{"taxonomy":"post_tag","embeddable":true,"href":"https:\/\/espiritualidade.carmelitas.pt\/boletim\/wp-json\/wp\/v2\/tags?post=3025"}],"curies":[{"name":"wp","href":"https:\/\/api.w.org\/{rel}","templated":true}]}}