{"id":3022,"date":"2022-04-30T02:11:00","date_gmt":"2022-04-30T02:11:00","guid":{"rendered":"https:\/\/espiritualidade.carmelitas.pt\/boletim\/?p=3022"},"modified":"2022-04-29T16:03:54","modified_gmt":"2022-04-29T16:03:54","slug":"espiritualidade-crista","status":"publish","type":"post","link":"https:\/\/espiritualidade.carmelitas.pt\/boletim\/espiritualidade-crista\/","title":{"rendered":"Espiritualidade Crist\u00e3"},"content":{"rendered":"\n<p><em>Viana do Castelo, 4 de maio a 22 de junho<\/em><br>Tem in\u00edcio a 4 de maio, na <a href=\"https:\/\/icvc.pt\/\">Escola Superior de Teologia e Ci\u00eancias Humanas do Instituto Cat\u00f3lico de Viana do Castelo<\/a>, o novo curso \u201cEspiritualidade Crist\u00e3\u201d. A forma\u00e7\u00e3o, \u00e9 ministrada pelo professor Alexandre Duarte e as sess\u00f5es decorrem \u00e0s quartas-feiras, das 19h45-21h00 e 21h15-22h30. <\/p>\n","protected":false},"excerpt":{"rendered":"<p>Viana do Castelo, 4 de maio a 22 de junhoTem in\u00edcio a 4 de maio, na Escola Superior de Teologia e Ci\u00eancias Humanas do Instituto Cat\u00f3lico de Viana do Castelo, [&hellip;]<\/p>\n","protected":false},"author":1,"featured_media":3023,"comment_status":"closed","ping_status":"open","sticky":false,"template":"","format":"standard","meta":{"_et_pb_use_builder":"off","_et_pb_old_content":"","_et_gb_content_width":"","footnotes":""},"categories":[1],"tags":[],"class_list":["post-3022","post","type-post","status-publish","format-standard","has-post-thumbnail","hentry","category-cursos","et-has-post-format-content","et_post_format-et-post-format-standard"],"_links":{"self":[{"href":"https:\/\/espiritualidade.carmelitas.pt\/boletim\/wp-json\/wp\/v2\/posts\/3022","targetHints":{"allow":["GET"]}}],"collection":[{"href":"https:\/\/espiritualidade.carmelitas.pt\/boletim\/wp-json\/wp\/v2\/posts"}],"about":[{"href":"https:\/\/espiritualidade.carmelitas.pt\/boletim\/wp-json\/wp\/v2\/types\/post"}],"author":[{"embeddable":true,"href":"https:\/\/espiritualidade.carmelitas.pt\/boletim\/wp-json\/wp\/v2\/users\/1"}],"replies":[{"embeddable":true,"href":"https:\/\/espiritualidade.carmelitas.pt\/boletim\/wp-json\/wp\/v2\/comments?post=3022"}],"version-history":[{"count":1,"href":"https:\/\/espiritualidade.carmelitas.pt\/boletim\/wp-json\/wp\/v2\/posts\/3022\/revisions"}],"predecessor-version":[{"id":3024,"href":"https:\/\/espiritualidade.carmelitas.pt\/boletim\/wp-json\/wp\/v2\/posts\/3022\/revisions\/3024"}],"wp:featuredmedia":[{"embeddable":true,"href":"https:\/\/espiritualidade.carmelitas.pt\/boletim\/wp-json\/wp\/v2\/media\/3023"}],"wp:attachment":[{"href":"https:\/\/espiritualidade.carmelitas.pt\/boletim\/wp-json\/wp\/v2\/media?parent=3022"}],"wp:term":[{"taxonomy":"category","embeddable":true,"href":"https:\/\/espiritualidade.carmelitas.pt\/boletim\/wp-json\/wp\/v2\/categories?post=3022"},{"taxonomy":"post_tag","embeddable":true,"href":"https:\/\/espiritualidade.carmelitas.pt\/boletim\/wp-json\/wp\/v2\/tags?post=3022"}],"curies":[{"name":"wp","href":"https:\/\/api.w.org\/{rel}","templated":true}]}}