{"id":3018,"date":"2022-04-30T02:04:00","date_gmt":"2022-04-30T02:04:00","guid":{"rendered":"https:\/\/espiritualidade.carmelitas.pt\/boletim\/?p=3018"},"modified":"2022-04-29T15:59:44","modified_gmt":"2022-04-29T15:59:44","slug":"workshop-de-oracao","status":"publish","type":"post","link":"https:\/\/espiritualidade.carmelitas.pt\/boletim\/workshop-de-oracao\/","title":{"rendered":"Workshop de ora\u00e7\u00e3o"},"content":{"rendered":"\n<p><em>Avessadas, 6 a 8 de maio<\/em><\/p>\n\n\n\n<p>A Comiss\u00e3o de Espiritualidade da Ordem dos Carmelitas Descal\u00e7os promover\u00e1, no fim de semana de 6 a 8 de maio, a realiza\u00e7\u00e3o de um <a href=\"https:\/\/avessadas.carmelitas.pt\/noticias\/workshop-de-oracao\/\">Workshop de ora\u00e7\u00e3o<\/a>, sob orienta\u00e7\u00e3o de Frei Andr\u00e9 de Santa Maria. A ora\u00e7\u00e3o crist\u00e3 \u00e9 marcada mais por aquilo que Deus faz do que pela iniciativa do orante. No entanto, h\u00e1 muito que o orante pode fazer para se predispor e cooperar com Deus que lhe deseja falar. Este fim de semana pretende ajudar cada participante a tomar consci\u00eancia de alguns aspetos que podem melhorar a sua vida orante. Aparentemente irrelevantes, estes aspetos podem ser decisivos aquando do momento da ora\u00e7\u00e3o. Esta atividade ter\u00e1 como guia o ensino e a doutrina de alguns santos do Carmelo Descal\u00e7o. <\/p>\n","protected":false},"excerpt":{"rendered":"<p>Avessadas, 6 a 8 de maio A Comiss\u00e3o de Espiritualidade da Ordem dos Carmelitas Descal\u00e7os promover\u00e1, no fim de semana de 6 a 8 de maio, a realiza\u00e7\u00e3o de um [&hellip;]<\/p>\n","protected":false},"author":1,"featured_media":3020,"comment_status":"closed","ping_status":"open","sticky":false,"template":"","format":"standard","meta":{"_et_pb_use_builder":"off","_et_pb_old_content":"","_et_gb_content_width":"","footnotes":""},"categories":[1],"tags":[],"class_list":["post-3018","post","type-post","status-publish","format-standard","has-post-thumbnail","hentry","category-cursos","et-has-post-format-content","et_post_format-et-post-format-standard"],"_links":{"self":[{"href":"https:\/\/espiritualidade.carmelitas.pt\/boletim\/wp-json\/wp\/v2\/posts\/3018","targetHints":{"allow":["GET"]}}],"collection":[{"href":"https:\/\/espiritualidade.carmelitas.pt\/boletim\/wp-json\/wp\/v2\/posts"}],"about":[{"href":"https:\/\/espiritualidade.carmelitas.pt\/boletim\/wp-json\/wp\/v2\/types\/post"}],"author":[{"embeddable":true,"href":"https:\/\/espiritualidade.carmelitas.pt\/boletim\/wp-json\/wp\/v2\/users\/1"}],"replies":[{"embeddable":true,"href":"https:\/\/espiritualidade.carmelitas.pt\/boletim\/wp-json\/wp\/v2\/comments?post=3018"}],"version-history":[{"count":1,"href":"https:\/\/espiritualidade.carmelitas.pt\/boletim\/wp-json\/wp\/v2\/posts\/3018\/revisions"}],"predecessor-version":[{"id":3021,"href":"https:\/\/espiritualidade.carmelitas.pt\/boletim\/wp-json\/wp\/v2\/posts\/3018\/revisions\/3021"}],"wp:featuredmedia":[{"embeddable":true,"href":"https:\/\/espiritualidade.carmelitas.pt\/boletim\/wp-json\/wp\/v2\/media\/3020"}],"wp:attachment":[{"href":"https:\/\/espiritualidade.carmelitas.pt\/boletim\/wp-json\/wp\/v2\/media?parent=3018"}],"wp:term":[{"taxonomy":"category","embeddable":true,"href":"https:\/\/espiritualidade.carmelitas.pt\/boletim\/wp-json\/wp\/v2\/categories?post=3018"},{"taxonomy":"post_tag","embeddable":true,"href":"https:\/\/espiritualidade.carmelitas.pt\/boletim\/wp-json\/wp\/v2\/tags?post=3018"}],"curies":[{"name":"wp","href":"https:\/\/api.w.org\/{rel}","templated":true}]}}