{"id":3002,"date":"2022-03-31T14:13:00","date_gmt":"2022-03-31T14:13:00","guid":{"rendered":"https:\/\/espiritualidade.carmelitas.pt\/boletim\/?p=3002"},"modified":"2022-04-01T09:39:29","modified_gmt":"2022-04-01T09:39:29","slug":"nao-vim-trazer-a-paz-mas-a-espada","status":"publish","type":"post","link":"https:\/\/espiritualidade.carmelitas.pt\/boletim\/nao-vim-trazer-a-paz-mas-a-espada\/","title":{"rendered":"\u00abN\u00e3o vim trazer a paz mas a espada!\u00bb"},"content":{"rendered":"\n<p><em>Armindo Vaz, OCD<\/em><\/p>\n\n\n\n<p>Quem unilateralmente declara guerra a pessoas ou a um povo n\u00e3o \u00e9 genial. Carecido da for\u00e7a da raz\u00e3o, s\u00f3 tem, para mostrar, a raz\u00e3o da for\u00e7a agressora. A sua for\u00e7a consiste em mandar para a guerra outros que a fa\u00e7am em seu nome, sem ele pr\u00f3prio se expor \u00e0 viol\u00eancia dela. Cobardia inqualific\u00e1vel de quem n\u00e3o quer correr riscos, nem manchar as m\u00e3os de sangue, nem enfrentar os inocentes; manda outros mat\u00e1-los! Nunca ser\u00e1 her\u00f3i, apoucado pela fantasia burlesca de engrandecer \u00e0 custa de aniquilar milhares de pessoas. N\u00e3o percebe em que sentido caminha a hist\u00f3ria humana, que s\u00f3 pode caminhar para a paz universal. Est\u00e1 ultrapassado pela hist\u00f3ria. Pretende faz\u00ea-la recuar aos tempos que n\u00e3o se podem repetir. Sim, ganhar\u00e1 mais uns quil\u00f3metros de territ\u00f3rio para a sua geoestrat\u00e9gia delirante. Mas \u201cque aproveita ao homem ganhar o mundo inteiro, se perder a sua alma\/vida?\u201d (Mc 8,36). Esse \u201chomem\u201d ganha tamb\u00e9m e atrai o \u00f3dio sem fim de todos aqueles a quem n\u00e3o tem escr\u00fapulo de roubar a vida. Mais vantajoso lhe seria construir a paz e a prosperidade entre aqueles que depois o coroariam de gl\u00f3ria. Se procura fama, a guerra monstruosa far\u00e1 que seja recordado s\u00f3 pelo mal, mesmo que tenha feito algum bem. Procura est\u00e1tuas e honrarias? Poder\u00e1 levant\u00e1-las, ele ou os seus c\u00famplices apaniguados, que a hist\u00f3ria encarregar-se-\u00e1 de as derrubar.<\/p>\n\n\n\n<p>Nem lhe serviria citar a palavra de Jesus em apoio das suas declara\u00e7\u00f5es mort\u00edferas: \u201cN\u00e3o vim trazer a paz mas a espada!\u201d (Mt 10,34). De facto, ela n\u00e3o o favoreceria. Contextualizada, significa que a sua mensagem suscitava divis\u00e3o, discuss\u00f5es, reac\u00e7\u00f5es antag\u00f3nicas e \u00f3dios: entre familiares que eram por ele e familiares que o rejeitavam, entre os que se identificavam com ele e os que nele viam um perigo para os pr\u00f3prios projectos diab\u00f3licos, entre os que o recebiam como embaixador de Deus e os que pensavam que ele lhes retirava a legitimidade para violentarem e injusti\u00e7arem as pessoas que conseguiam dominar, entre aqueles que percebiam que o supremo crit\u00e9rio de ac\u00e7\u00e3o \u00e9 o bem incondicional do ser humano e aqueles que se serviam do ser humano para se servirem a si pr\u00f3prios. Dizendo que n\u00e3o veio trazer a paz mas a espada, queria dizer que, ou estamos do lado dele, isto \u00e9, do lado do amor, ou estaremos divididos e em conflito; queria dizer que, ou aceitamos que \u201cv\u00f3s sois todos irm\u00e3os\u201d (Mt 23,8), ou ent\u00e3o sempre encontraremos raz\u00f5es para nos guerrearmos. Jesus, sem querer, ocasionou tens\u00f5es em virtude das escolhas que pede a quem quiser seguir o seu estilo de vida e o seu projecto de fraternidade universal. Mas \u00e9 o mesmo Jesus que corrigiu o seguidor que tinha puxado da espada para o defender cortando a orelha a um funcion\u00e1rio do sumo-sacerdote: \u201cVolta a p\u00f4r a tua espada no seu lugar, pois todos os que empunham a espada pela espada perecer\u00e3o\u201d (Mt 26,52). E \u00e9 o mesmo Jesus que disse: \u201cDeixo-vos a paz. Dou-vos a minha paz. N\u00e3o vo-la dou como a d\u00e1 o mundo\u201d (Jo 14,27). Ao declarar guerra \u00e0 viol\u00eancia, \u00e0 injusti\u00e7a e ao abuso de poder contra o ser humano, granjeou \u00f3dios refinados, que atingiram despropor\u00e7\u00f5es assassinas: pagou na cruz pelos inc\u00f3modos que causou aos pol\u00edticos que estavam de turno.<\/p>\n\n\n\n<p>Ter\u00e1 sido o maior estratega da hist\u00f3ria, preconizando uma hist\u00f3ria humana vencedora e sem perdedores, que oferece a felicidade a todos: \u201cFelizes os mansos, porque herdar\u00e3o a terra\u2026; felizes os que fazem a paz, porque ser\u00e3o chamados filhos de Deus\u201d (Mt 5,3-12). A sua poderosa e revolucion\u00e1ria geoestrat\u00e9gia n\u00e3o foi reconhecida pela maioria dos poderosos das na\u00e7\u00f5es desunidas: \u201cEste \u00e9 o meu mandamento: que vos ameis uns aos outros, <em>como eu<\/em> vos amei\u201d, isto \u00e9, dando a vida para que todos a estimem (Jo 15,12). N\u00e3o se ficou pela proposta de uma sociedade da n\u00e3o-viol\u00eancia. Ousou preconizar o amor fraterno para as rela\u00e7\u00f5es humanas. Porque deu a vida e se p\u00f4s ao servi\u00e7o de todos, merece ser seguido. Aceitou activamente sofrer a viol\u00eancia em excesso da morte cruenta que rouba a vida jovem e inocente no pat\u00edbulo de uma cruz, para que os que o matavam descarregassem \u2013 em real representa\u00e7\u00e3o de todos os violentos \u2013 toda a viol\u00eancia sobre ele e assim, depois dele, j\u00e1 n\u00e3o ser necess\u00e1ria mais viol\u00eancia mort\u00edfera de humanos contra humanos. Foi na cruz de Jesus que o seu Deus rejeitou decisivamente a viol\u00eancia humana e se identificou com as v\u00edtimas dela. Todas as manifesta\u00e7\u00f5es de viol\u00eancia se quebram na imagem de Jesus crucificado, precisamente porque na cruz est\u00e1 cravado um homem que \u00e9 imagem vis\u00edvel do Deus invis\u00edvel. Na verdade, quando a viol\u00eancia mort\u00edfera \u00e9 praticada dentro duma ala do cristianismo, este d\u00e1 a impress\u00e3o de que est\u00e1 por cumprir: renega as bem-aventuran\u00e7as. A guerra agu\u00e7a e extrema os sentimentos humanos, tamb\u00e9m as escolhas. Para as fazer, o crist\u00e3o parte duma certeza: \u201cTendo sido justificados pela f\u00e9, temos paz com Deus por obra de nosso Senhor Jesus Cristo\u201d&nbsp;(Rm 5,1).<\/p>\n","protected":false},"excerpt":{"rendered":"<p>Armindo Vaz, OCD Quem unilateralmente declara guerra a pessoas ou a um povo n\u00e3o \u00e9 genial. Carecido da for\u00e7a da raz\u00e3o, s\u00f3 tem, para mostrar, a raz\u00e3o da for\u00e7a agressora. [&hellip;]<\/p>\n","protected":false},"author":1,"featured_media":3007,"comment_status":"closed","ping_status":"open","sticky":false,"template":"","format":"standard","meta":{"_et_pb_use_builder":"off","_et_pb_old_content":"","_et_gb_content_width":"","footnotes":""},"categories":[4],"tags":[],"class_list":["post-3002","post","type-post","status-publish","format-standard","has-post-thumbnail","hentry","category-artigos","et-has-post-format-content","et_post_format-et-post-format-standard"],"_links":{"self":[{"href":"https:\/\/espiritualidade.carmelitas.pt\/boletim\/wp-json\/wp\/v2\/posts\/3002","targetHints":{"allow":["GET"]}}],"collection":[{"href":"https:\/\/espiritualidade.carmelitas.pt\/boletim\/wp-json\/wp\/v2\/posts"}],"about":[{"href":"https:\/\/espiritualidade.carmelitas.pt\/boletim\/wp-json\/wp\/v2\/types\/post"}],"author":[{"embeddable":true,"href":"https:\/\/espiritualidade.carmelitas.pt\/boletim\/wp-json\/wp\/v2\/users\/1"}],"replies":[{"embeddable":true,"href":"https:\/\/espiritualidade.carmelitas.pt\/boletim\/wp-json\/wp\/v2\/comments?post=3002"}],"version-history":[{"count":1,"href":"https:\/\/espiritualidade.carmelitas.pt\/boletim\/wp-json\/wp\/v2\/posts\/3002\/revisions"}],"predecessor-version":[{"id":3004,"href":"https:\/\/espiritualidade.carmelitas.pt\/boletim\/wp-json\/wp\/v2\/posts\/3002\/revisions\/3004"}],"wp:featuredmedia":[{"embeddable":true,"href":"https:\/\/espiritualidade.carmelitas.pt\/boletim\/wp-json\/wp\/v2\/media\/3007"}],"wp:attachment":[{"href":"https:\/\/espiritualidade.carmelitas.pt\/boletim\/wp-json\/wp\/v2\/media?parent=3002"}],"wp:term":[{"taxonomy":"category","embeddable":true,"href":"https:\/\/espiritualidade.carmelitas.pt\/boletim\/wp-json\/wp\/v2\/categories?post=3002"},{"taxonomy":"post_tag","embeddable":true,"href":"https:\/\/espiritualidade.carmelitas.pt\/boletim\/wp-json\/wp\/v2\/tags?post=3002"}],"curies":[{"name":"wp","href":"https:\/\/api.w.org\/{rel}","templated":true}]}}