{"id":2998,"date":"2022-03-31T02:08:00","date_gmt":"2022-03-31T02:08:00","guid":{"rendered":"https:\/\/espiritualidade.carmelitas.pt\/boletim\/?p=2998"},"modified":"2022-03-30T14:56:56","modified_gmt":"2022-03-30T14:56:56","slug":"17-a-jornada-de-espiritualidade-reparadora","status":"publish","type":"post","link":"https:\/\/espiritualidade.carmelitas.pt\/boletim\/17-a-jornada-de-espiritualidade-reparadora\/","title":{"rendered":"17.\u00aa Jornada de Espiritualidade Reparadora"},"content":{"rendered":"\n<p><em>Padre Manuel Nunes Formig\u00e3o<\/em><\/p>\n\n\n\n<p><br>A partir da figura e miss\u00e3o do seu fundador, o padre Manuel Nunes Formig\u00e3o, as Irm\u00e3s Reparadoras de Nossa Senhora de F\u00e1tima anunciam para 23 de abril a <a href=\"https:\/\/agencia.ecclesia.pt\/portal\/events\/fatima-irmas-reparadoras-promovem-jornada-de-espiritualidade\/\">17.\u00aa Jornada de Espiritualidade Reparadora<\/a>, que colocar\u00e1 em evid\u00eancia a espiritualidade da Congrega\u00e7\u00e3o, \u201cque procura viver o evangelho da miseric\u00f3rdia e da compaix\u00e3o e oferecer todos os seus atos para consolar a Deus e reparar o mal que se faz no mundo\u201d. A Jornada ter\u00e1 a interven\u00e7\u00e3o da superiora-geral da congrega\u00e7\u00e3o, a irm\u00e3 Ana Paula Teixeira, sendo apresentado depois o tema &#8220;Manuel Nunes Formig\u00e3o e a espiritualidade de F\u00e1tima&#8221;, por Marco Daniel Duarte. &#8220;Tenho muita pena de Nossa Senhora&#8221; \u00e9 o tema da confer\u00eancia do padre Jo\u00e3o Paulo Quelhas, onde vai abordar as novas perspetivas da espiritualidade de Santa Jacinta Marto. O reitor do Santu\u00e1rio de F\u00e1tima, padre Carlos Cabecinhas, apresentar\u00e1 o livro \u201cMaria Sant\u00edssima na vida do Padre Formig\u00e3o\u201d, da autoria de Mons. Arnaldo Pinto Cardoso, postulador da causa da Canoniza\u00e7\u00e3o do padre Manuel Nunes Formig\u00e3o. \uf320<\/p>\n","protected":false},"excerpt":{"rendered":"<p>Padre Manuel Nunes Formig\u00e3o A partir da figura e miss\u00e3o do seu fundador, o padre Manuel Nunes Formig\u00e3o, as Irm\u00e3s Reparadoras de Nossa Senhora de F\u00e1tima anunciam para 23 de [&hellip;]<\/p>\n","protected":false},"author":1,"featured_media":2993,"comment_status":"closed","ping_status":"open","sticky":false,"template":"","format":"standard","meta":{"_et_pb_use_builder":"off","_et_pb_old_content":"","_et_gb_content_width":"","footnotes":""},"categories":[35],"tags":[],"class_list":["post-2998","post","type-post","status-publish","format-standard","has-post-thumbnail","hentry","category-jornada","et-has-post-format-content","et_post_format-et-post-format-standard"],"_links":{"self":[{"href":"https:\/\/espiritualidade.carmelitas.pt\/boletim\/wp-json\/wp\/v2\/posts\/2998","targetHints":{"allow":["GET"]}}],"collection":[{"href":"https:\/\/espiritualidade.carmelitas.pt\/boletim\/wp-json\/wp\/v2\/posts"}],"about":[{"href":"https:\/\/espiritualidade.carmelitas.pt\/boletim\/wp-json\/wp\/v2\/types\/post"}],"author":[{"embeddable":true,"href":"https:\/\/espiritualidade.carmelitas.pt\/boletim\/wp-json\/wp\/v2\/users\/1"}],"replies":[{"embeddable":true,"href":"https:\/\/espiritualidade.carmelitas.pt\/boletim\/wp-json\/wp\/v2\/comments?post=2998"}],"version-history":[{"count":1,"href":"https:\/\/espiritualidade.carmelitas.pt\/boletim\/wp-json\/wp\/v2\/posts\/2998\/revisions"}],"predecessor-version":[{"id":2999,"href":"https:\/\/espiritualidade.carmelitas.pt\/boletim\/wp-json\/wp\/v2\/posts\/2998\/revisions\/2999"}],"wp:featuredmedia":[{"embeddable":true,"href":"https:\/\/espiritualidade.carmelitas.pt\/boletim\/wp-json\/wp\/v2\/media\/2993"}],"wp:attachment":[{"href":"https:\/\/espiritualidade.carmelitas.pt\/boletim\/wp-json\/wp\/v2\/media?parent=2998"}],"wp:term":[{"taxonomy":"category","embeddable":true,"href":"https:\/\/espiritualidade.carmelitas.pt\/boletim\/wp-json\/wp\/v2\/categories?post=2998"},{"taxonomy":"post_tag","embeddable":true,"href":"https:\/\/espiritualidade.carmelitas.pt\/boletim\/wp-json\/wp\/v2\/tags?post=2998"}],"curies":[{"name":"wp","href":"https:\/\/api.w.org\/{rel}","templated":true}]}}