{"id":2996,"date":"2022-03-31T02:07:00","date_gmt":"2022-03-31T02:07:00","guid":{"rendered":"https:\/\/espiritualidade.carmelitas.pt\/boletim\/?p=2996"},"modified":"2022-03-30T14:55:36","modified_gmt":"2022-03-30T14:55:36","slug":"xi-jornada-de-teologia-pratica","status":"publish","type":"post","link":"https:\/\/espiritualidade.carmelitas.pt\/boletim\/xi-jornada-de-teologia-pratica\/","title":{"rendered":"XI Jornada de Teologia Pr\u00e1tica"},"content":{"rendered":"\n<p><em>Amizade Social: ant\u00edteses de um tema maior<\/em><\/p>\n\n\n\n<p>A\u00a0presente\u00a0edi\u00e7\u00e3o\u00a0da\u00a0<a href=\"https:\/\/ft.ucp.pt\/pt-pt\/eventos\/xi-jornada-de-teologia-pratica-amizade-social-antiteses-de-um-tema-maior-35096\">Jornada de Teologia Pr\u00e1tica<\/a>\u00a0subdivide-se em tr\u00eas sess\u00f5es, respetivamente nos dias\u00a026, 28 e 30 de abril, em formato digital. &#8220;Amizade Social: ant\u00edteses de um tema maior&#8221;\u00a0\u00e9 o tema desta iniciativa\u00a0que a Faculdade de Teologia da UCP est\u00e1 a organizar e que ir\u00e1 privilegiar o ambiente digital,\u00a0em regime\u00a0de videoconfer\u00eancia. O evento ter\u00e1 como oradores Isabel Capeloa Gil, Reitora da UCP, Alfredo Teixeira, C\u00e1tia Tuna, Pedro Falc\u00e3o, Jo\u00e3o Alberto Correia, In\u00eas Espada Vieira, Alex Villas Boas e\u00a0Esther Lucas. <\/p>\n","protected":false},"excerpt":{"rendered":"<p>Amizade Social: ant\u00edteses de um tema maior A\u00a0presente\u00a0edi\u00e7\u00e3o\u00a0da\u00a0Jornada de Teologia Pr\u00e1tica\u00a0subdivide-se em tr\u00eas sess\u00f5es, respetivamente nos dias\u00a026, 28 e 30 de abril, em formato digital. &#8220;Amizade Social: ant\u00edteses de um [&hellip;]<\/p>\n","protected":false},"author":1,"featured_media":2991,"comment_status":"closed","ping_status":"open","sticky":false,"template":"","format":"standard","meta":{"_et_pb_use_builder":"off","_et_pb_old_content":"","_et_gb_content_width":"","footnotes":""},"categories":[37],"tags":[],"class_list":["post-2996","post","type-post","status-publish","format-standard","has-post-thumbnail","hentry","category-formacao","et-has-post-format-content","et_post_format-et-post-format-standard"],"_links":{"self":[{"href":"https:\/\/espiritualidade.carmelitas.pt\/boletim\/wp-json\/wp\/v2\/posts\/2996","targetHints":{"allow":["GET"]}}],"collection":[{"href":"https:\/\/espiritualidade.carmelitas.pt\/boletim\/wp-json\/wp\/v2\/posts"}],"about":[{"href":"https:\/\/espiritualidade.carmelitas.pt\/boletim\/wp-json\/wp\/v2\/types\/post"}],"author":[{"embeddable":true,"href":"https:\/\/espiritualidade.carmelitas.pt\/boletim\/wp-json\/wp\/v2\/users\/1"}],"replies":[{"embeddable":true,"href":"https:\/\/espiritualidade.carmelitas.pt\/boletim\/wp-json\/wp\/v2\/comments?post=2996"}],"version-history":[{"count":1,"href":"https:\/\/espiritualidade.carmelitas.pt\/boletim\/wp-json\/wp\/v2\/posts\/2996\/revisions"}],"predecessor-version":[{"id":2997,"href":"https:\/\/espiritualidade.carmelitas.pt\/boletim\/wp-json\/wp\/v2\/posts\/2996\/revisions\/2997"}],"wp:featuredmedia":[{"embeddable":true,"href":"https:\/\/espiritualidade.carmelitas.pt\/boletim\/wp-json\/wp\/v2\/media\/2991"}],"wp:attachment":[{"href":"https:\/\/espiritualidade.carmelitas.pt\/boletim\/wp-json\/wp\/v2\/media?parent=2996"}],"wp:term":[{"taxonomy":"category","embeddable":true,"href":"https:\/\/espiritualidade.carmelitas.pt\/boletim\/wp-json\/wp\/v2\/categories?post=2996"},{"taxonomy":"post_tag","embeddable":true,"href":"https:\/\/espiritualidade.carmelitas.pt\/boletim\/wp-json\/wp\/v2\/tags?post=2996"}],"curies":[{"name":"wp","href":"https:\/\/api.w.org\/{rel}","templated":true}]}}