{"id":2989,"date":"2022-03-31T02:03:00","date_gmt":"2022-03-31T02:03:00","guid":{"rendered":"https:\/\/espiritualidade.carmelitas.pt\/boletim\/?p=2989"},"modified":"2022-03-30T14:54:14","modified_gmt":"2022-03-30T14:54:14","slug":"fim-de-semana-com-santa-isabel-da-trindade","status":"publish","type":"post","link":"https:\/\/espiritualidade.carmelitas.pt\/boletim\/fim-de-semana-com-santa-isabel-da-trindade\/","title":{"rendered":"Fim-de-semana com Santa Isabel da Trindade"},"content":{"rendered":"\n<p><br><em>Aprendizes do Amor de Deus<\/em><\/p>\n\n\n\n<p>Na mudan\u00e7a de mais uma esta\u00e7\u00e3o, em plena primavera, entre tantas incertezas e escurid\u00f5es, os Carmelitas Descal\u00e7os em Portugal promovem na Domus Carmeli,<a href=\"https:\/\/docs.google.com\/forms\/d\/e\/1FAIpQLSe8oT4obRKL9T2cSwo3oNSq8nZ1TDFBCCNtPhoAqMNpHdWv8w\/viewform\"> em F\u00e1tima, um fim de semana com Santa Isabel da Trindade entre os dias 29 de abril e 1 de maio<\/a>. Atrav\u00e9s desta carmelita francesa e com o acompanhamento do Frei Francisco Maria, os participantes ser\u00e3o convidados a entrar na din\u00e2mica do amor de Deus \u2013 o amor trinit\u00e1rio \u2013 a partir dos escritos espirituais de Isabel da Trindade. Em tempos de desamor, de guerras e de viol\u00eancia, somos convidados a ser aprendizes do Amor de Deus para irradiarmos, desde os nossos cora\u00e7\u00f5es, um louvor de gl\u00f3ria que revele o C\u00e9u na Terra. <\/p>\n","protected":false},"excerpt":{"rendered":"<p>Aprendizes do Amor de Deus Na mudan\u00e7a de mais uma esta\u00e7\u00e3o, em plena primavera, entre tantas incertezas e escurid\u00f5es, os Carmelitas Descal\u00e7os em Portugal promovem na Domus Carmeli, em F\u00e1tima, [&hellip;]<\/p>\n","protected":false},"author":1,"featured_media":2994,"comment_status":"closed","ping_status":"open","sticky":false,"template":"","format":"standard","meta":{"_et_pb_use_builder":"off","_et_pb_old_content":"","_et_gb_content_width":"","footnotes":""},"categories":[37],"tags":[],"class_list":["post-2989","post","type-post","status-publish","format-standard","has-post-thumbnail","hentry","category-formacao","et-has-post-format-content","et_post_format-et-post-format-standard"],"_links":{"self":[{"href":"https:\/\/espiritualidade.carmelitas.pt\/boletim\/wp-json\/wp\/v2\/posts\/2989","targetHints":{"allow":["GET"]}}],"collection":[{"href":"https:\/\/espiritualidade.carmelitas.pt\/boletim\/wp-json\/wp\/v2\/posts"}],"about":[{"href":"https:\/\/espiritualidade.carmelitas.pt\/boletim\/wp-json\/wp\/v2\/types\/post"}],"author":[{"embeddable":true,"href":"https:\/\/espiritualidade.carmelitas.pt\/boletim\/wp-json\/wp\/v2\/users\/1"}],"replies":[{"embeddable":true,"href":"https:\/\/espiritualidade.carmelitas.pt\/boletim\/wp-json\/wp\/v2\/comments?post=2989"}],"version-history":[{"count":1,"href":"https:\/\/espiritualidade.carmelitas.pt\/boletim\/wp-json\/wp\/v2\/posts\/2989\/revisions"}],"predecessor-version":[{"id":2995,"href":"https:\/\/espiritualidade.carmelitas.pt\/boletim\/wp-json\/wp\/v2\/posts\/2989\/revisions\/2995"}],"wp:featuredmedia":[{"embeddable":true,"href":"https:\/\/espiritualidade.carmelitas.pt\/boletim\/wp-json\/wp\/v2\/media\/2994"}],"wp:attachment":[{"href":"https:\/\/espiritualidade.carmelitas.pt\/boletim\/wp-json\/wp\/v2\/media?parent=2989"}],"wp:term":[{"taxonomy":"category","embeddable":true,"href":"https:\/\/espiritualidade.carmelitas.pt\/boletim\/wp-json\/wp\/v2\/categories?post=2989"},{"taxonomy":"post_tag","embeddable":true,"href":"https:\/\/espiritualidade.carmelitas.pt\/boletim\/wp-json\/wp\/v2\/tags?post=2989"}],"curies":[{"name":"wp","href":"https:\/\/api.w.org\/{rel}","templated":true}]}}