{"id":2972,"date":"2022-03-02T15:36:06","date_gmt":"2022-03-02T15:36:06","guid":{"rendered":"https:\/\/espiritualidade.carmelitas.pt\/boletim\/?p=2972"},"modified":"2022-04-15T12:01:53","modified_gmt":"2022-04-15T12:01:53","slug":"retiro-online-quaresma-2022","status":"publish","type":"post","link":"https:\/\/espiritualidade.carmelitas.pt\/boletim\/retiro-online-quaresma-2022\/","title":{"rendered":"Retiro online: Quaresma 2022"},"content":{"rendered":"\n<p>Glorificar a Miseric\u00f3rdia Divina<\/p>\n\n\n\n<ul class=\"wp-block-list\"><li><a href=\"https:\/\/karmel.us6.list-manage.com\/track\/click?u=7c9d2aa0ecc1fde64fd44bc67&amp;id=3797d3d305&amp;e=9d7a02d723\">Introdu\u00e7\u00e3o (PDF)<\/a><\/li><li><a href=\"https:\/\/mcusercontent.com\/7c9d2aa0ecc1fde64fd44bc67\/files\/170ae6d3-5317-d1fd-a7d9-d4b1a1b684ae\/Quaresma_2022_S1_PT.pdf\">Semana I: Nunca sem o Esp\u00edrito Santo<\/a><\/li><li><a href=\"https:\/\/karmel.us6.list-manage.com\/track\/click?u=7c9d2aa0ecc1fde64fd44bc67&amp;id=ce4384f4a5&amp;e=9d7a02d723\">Semana II: Atra\u00eddos \u00e0 Ora\u00e7\u00e3o \u2013 com S\u00e3o Jo\u00e3o da Cruz<\/a><\/li><li><a href=\"https:\/\/karmel.us6.list-manage.com\/track\/click?u=7c9d2aa0ecc1fde64fd44bc67&amp;id=03ce4a3200&amp;e=9d7a02d723\">Semana III: \u00abComecemos tudo deveras!\u00bb \u2013 Com Vener\u00e1vel Louren\u00e7o da Ressurrei\u00e7\u00e3o<\/a><\/li><li><a href=\"https:\/\/karmel.us6.list-manage.com\/track\/click?u=7c9d2aa0ecc1fde64fd44bc67&amp;id=b8ee0bd730&amp;e=9d7a02d723\">Semana IV: A aud\u00e1cia das m\u00e3os<strong> v<\/strong>azias \u2014\u00a0Com Santa Teresa do Menino Jesus\u00a0<\/a><\/li><li><a href=\"https:\/\/karmel.us6.list-manage.com\/track\/click?u=7c9d2aa0ecc1fde64fd44bc67&amp;id=5ceaeaec53&amp;e=9d7a02d723\">Semana V: \u00abPelo imenso amor com que me amou\u00bb com Santa Isabel da Trindade<\/a><\/li><li><a href=\"https:\/\/karmel.us6.list-manage.com\/track\/click?u=7c9d2aa0ecc1fde64fd44bc67&amp;id=08dfc0a129&amp;e=9d7a02d723\">Semana Santa: Permanecer e observar \u2013 Com Santa Teresa dos Andes<\/a><\/li><li><a rel=\"noreferrer noopener\" href=\"https:\/\/karmel.us6.list-manage.com\/track\/click?u=7c9d2aa0ecc1fde64fd44bc67&amp;id=13b5c58769&amp;e=9d7a02d723\" target=\"_blank\">Celebrar a Divina Miseric\u00f3rdia <\/a><\/li><\/ul>\n","protected":false},"excerpt":{"rendered":"<p>Glorificar a Miseric\u00f3rdia Divina Introdu\u00e7\u00e3o (PDF) Semana I: Nunca sem o Esp\u00edrito Santo Semana II: Atra\u00eddos \u00e0 Ora\u00e7\u00e3o \u2013 com S\u00e3o Jo\u00e3o da Cruz Semana III: \u00abComecemos tudo deveras!\u00bb \u2013 [&hellip;]<\/p>\n","protected":false},"author":1,"featured_media":2971,"comment_status":"closed","ping_status":"open","sticky":false,"template":"","format":"standard","meta":{"_et_pb_use_builder":"off","_et_pb_old_content":"","_et_gb_content_width":"","footnotes":""},"categories":[36],"tags":[],"class_list":["post-2972","post","type-post","status-publish","format-standard","has-post-thumbnail","hentry","category-retiro","et-has-post-format-content","et_post_format-et-post-format-standard"],"_links":{"self":[{"href":"https:\/\/espiritualidade.carmelitas.pt\/boletim\/wp-json\/wp\/v2\/posts\/2972","targetHints":{"allow":["GET"]}}],"collection":[{"href":"https:\/\/espiritualidade.carmelitas.pt\/boletim\/wp-json\/wp\/v2\/posts"}],"about":[{"href":"https:\/\/espiritualidade.carmelitas.pt\/boletim\/wp-json\/wp\/v2\/types\/post"}],"author":[{"embeddable":true,"href":"https:\/\/espiritualidade.carmelitas.pt\/boletim\/wp-json\/wp\/v2\/users\/1"}],"replies":[{"embeddable":true,"href":"https:\/\/espiritualidade.carmelitas.pt\/boletim\/wp-json\/wp\/v2\/comments?post=2972"}],"version-history":[{"count":8,"href":"https:\/\/espiritualidade.carmelitas.pt\/boletim\/wp-json\/wp\/v2\/posts\/2972\/revisions"}],"predecessor-version":[{"id":3012,"href":"https:\/\/espiritualidade.carmelitas.pt\/boletim\/wp-json\/wp\/v2\/posts\/2972\/revisions\/3012"}],"wp:featuredmedia":[{"embeddable":true,"href":"https:\/\/espiritualidade.carmelitas.pt\/boletim\/wp-json\/wp\/v2\/media\/2971"}],"wp:attachment":[{"href":"https:\/\/espiritualidade.carmelitas.pt\/boletim\/wp-json\/wp\/v2\/media?parent=2972"}],"wp:term":[{"taxonomy":"category","embeddable":true,"href":"https:\/\/espiritualidade.carmelitas.pt\/boletim\/wp-json\/wp\/v2\/categories?post=2972"},{"taxonomy":"post_tag","embeddable":true,"href":"https:\/\/espiritualidade.carmelitas.pt\/boletim\/wp-json\/wp\/v2\/tags?post=2972"}],"curies":[{"name":"wp","href":"https:\/\/api.w.org\/{rel}","templated":true}]}}