{"id":2956,"date":"2022-02-28T03:05:00","date_gmt":"2022-02-28T03:05:00","guid":{"rendered":"https:\/\/espiritualidade.carmelitas.pt\/boletim\/?p=2956"},"modified":"2022-02-26T16:49:16","modified_gmt":"2022-02-26T16:49:16","slug":"santa-teresa-de-jesus","status":"publish","type":"post","link":"https:\/\/espiritualidade.carmelitas.pt\/boletim\/santa-teresa-de-jesus\/","title":{"rendered":"Santa Teresa de Jesus"},"content":{"rendered":"\n<p><strong>IV Centen\u00e1rio da canoniza\u00e7\u00e3o<\/strong><\/p>\n\n\n\n<p>No 12 de mar\u00e7o assinala-se o IV centen\u00e1rio da canoniza\u00e7\u00e3o de Santa Teresa de Jesus. Como dado mais not\u00f3rio para celebrar este acontecimento, o Papa Francisco concedeu o Ano Jubilar \u00e0 Diocese espanhola de \u00c1vila. Com o in\u00edcio previsto para o dia 12 de mar\u00e7o, haver\u00e1 a celebra\u00e7\u00e3o eucar\u00edstica na Igreja conventual de Santa Teresa de Jesus. Este Ano Jubilar ser\u00e1 encerrado no dia 15 de outubro de 2023. A celebra\u00e7\u00e3o do IV centen\u00e1rio juntar-se-\u00e1 ao Ano Jubilar Teresiano, que \u00e9 celebrado sempre que a festa da <em>Mater Spiritualium<\/em> coincide num domingo. De acordo com a Diocese de \u00c1vila, o decreto da Penitenciaria Apost\u00f3lica concede a Indulg\u00eancia Plen\u00e1ria aos fi\u00e9is que visitarem a Igreja do Convento de Santa Teresa de Jesus e seguirem as condi\u00e7\u00f5es habituais pedidas pela Igreja: a confiss\u00e3o sacramental, a comunh\u00e3o eucar\u00edstica e a ora\u00e7\u00e3o pelas inten\u00e7\u00f5es do Sumo Pont\u00edfice. &nbsp;<\/p>\n\n\n\n<p>Santa Teresa de Jesus \u2013 Teresa de Cepeda y Ahumada \u2013 nasceu em \u00c1vila no dia 28 de mar\u00e7o de 1515, faleceu em Alba de Tormes, Salamanca, no dia 15 de outubro de 1582, foi beatificada em 1614 pelo Papa Paulo V e canonizada no dia 12 de mar\u00e7o de 1622 juntamente com outros grandes santos, como In\u00e1cio de Loyola, Francisco Xavier, Isidoro o Lavrador e um florentino-romano, Filipe de Neri, pelo Papa Greg\u00f3rio XV.<\/p>\n\n\n\n<p>Dizia o Papa S\u00e3o Paulo VI na homilia do dia da proclama\u00e7\u00e3o de Santa Teresa de \u00c1vila como Doutora da Igreja, a 27 de setembro de 1970: \u00abA doutrina de Santa Teresa de \u00c1vila resplandece pelos carismas de verdade, de conformidade com a f\u00e9 cat\u00f3lica, de utilidade para a erudi\u00e7\u00e3o das almas, e tamb\u00e9m por outro carisma que podemos sublinhar, o da sabedoria, que nos leva a pensar no aspeto mais atraente e, ao mesmo tempo, mais misterioso do ensinamento de Santa Teresa. <a href=\"https:\/\/www.carmelitas.pt\/site\/noticias\/noticias_ver.php?cod_noticia=654\">\uf320<\/a><\/p>\n","protected":false},"excerpt":{"rendered":"<p>IV Centen\u00e1rio da canoniza\u00e7\u00e3o No 12 de mar\u00e7o assinala-se o IV centen\u00e1rio da canoniza\u00e7\u00e3o de Santa Teresa de Jesus. Como dado mais not\u00f3rio para celebrar este acontecimento, o Papa Francisco [&hellip;]<\/p>\n","protected":false},"author":1,"featured_media":2969,"comment_status":"closed","ping_status":"open","sticky":false,"template":"","format":"standard","meta":{"_et_pb_use_builder":"off","_et_pb_old_content":"","_et_gb_content_width":"","footnotes":""},"categories":[36],"tags":[],"class_list":["post-2956","post","type-post","status-publish","format-standard","has-post-thumbnail","hentry","category-retiro","et-has-post-format-content","et_post_format-et-post-format-standard"],"_links":{"self":[{"href":"https:\/\/espiritualidade.carmelitas.pt\/boletim\/wp-json\/wp\/v2\/posts\/2956","targetHints":{"allow":["GET"]}}],"collection":[{"href":"https:\/\/espiritualidade.carmelitas.pt\/boletim\/wp-json\/wp\/v2\/posts"}],"about":[{"href":"https:\/\/espiritualidade.carmelitas.pt\/boletim\/wp-json\/wp\/v2\/types\/post"}],"author":[{"embeddable":true,"href":"https:\/\/espiritualidade.carmelitas.pt\/boletim\/wp-json\/wp\/v2\/users\/1"}],"replies":[{"embeddable":true,"href":"https:\/\/espiritualidade.carmelitas.pt\/boletim\/wp-json\/wp\/v2\/comments?post=2956"}],"version-history":[{"count":1,"href":"https:\/\/espiritualidade.carmelitas.pt\/boletim\/wp-json\/wp\/v2\/posts\/2956\/revisions"}],"predecessor-version":[{"id":2957,"href":"https:\/\/espiritualidade.carmelitas.pt\/boletim\/wp-json\/wp\/v2\/posts\/2956\/revisions\/2957"}],"wp:featuredmedia":[{"embeddable":true,"href":"https:\/\/espiritualidade.carmelitas.pt\/boletim\/wp-json\/wp\/v2\/media\/2969"}],"wp:attachment":[{"href":"https:\/\/espiritualidade.carmelitas.pt\/boletim\/wp-json\/wp\/v2\/media?parent=2956"}],"wp:term":[{"taxonomy":"category","embeddable":true,"href":"https:\/\/espiritualidade.carmelitas.pt\/boletim\/wp-json\/wp\/v2\/categories?post=2956"},{"taxonomy":"post_tag","embeddable":true,"href":"https:\/\/espiritualidade.carmelitas.pt\/boletim\/wp-json\/wp\/v2\/tags?post=2956"}],"curies":[{"name":"wp","href":"https:\/\/api.w.org\/{rel}","templated":true}]}}