{"id":2954,"date":"2022-02-28T03:04:00","date_gmt":"2022-02-28T03:04:00","guid":{"rendered":"https:\/\/espiritualidade.carmelitas.pt\/boletim\/?p=2954"},"modified":"2022-02-26T16:50:18","modified_gmt":"2022-02-26T16:50:18","slug":"retiro-de-quaresma","status":"publish","type":"post","link":"https:\/\/espiritualidade.carmelitas.pt\/boletim\/retiro-de-quaresma\/","title":{"rendered":"Retiro de Quaresma"},"content":{"rendered":"\n<p><strong>Escola de ora\u00e7\u00e3o<\/strong><\/p>\n\n\n\n<p>A Escola de Ora\u00e7\u00e3o realizar\u00e1, \u00e0 semelhan\u00e7a dos anos anteriores, um retiro quaresmal, de 25 a 27 de mar\u00e7o, sob a orienta\u00e7\u00e3o de Pe. Joaquim Teixeira e outros elementos da equipa da Escola de Ora\u00e7\u00e3o. Este retiro destina-se preferencialmente a todos os alunos da Escola de Ora\u00e7\u00e3o mas tamb\u00e9m est\u00e1 aberto a todos os que desejem viver um tempo de prepara\u00e7\u00e3o para a P\u00e1scoa do Senhor. O tema do retiro ter\u00e1 como pano de fundo a espiritualidade de S. Jo\u00e3o da Cruz que permitir\u00e1 aos participantes ajudar a ordenar os desejos e apetites, a fim de os orientar para o cumprimento da vontade de Deus. A organiza\u00e7\u00e3o (www.escoladeoracao.pt) informa que este retiro privilegia a modalidade presencial, mas s\u00e3o aceites inscri\u00e7\u00f5es para participa\u00e7\u00e3o \u00e0 dist\u00e2ncia. <a href=\"https:\/\/www.escoladeoracao.pt\/\">\uf320<\/a><\/p>\n","protected":false},"excerpt":{"rendered":"<p>Escola de ora\u00e7\u00e3o A Escola de Ora\u00e7\u00e3o realizar\u00e1, \u00e0 semelhan\u00e7a dos anos anteriores, um retiro quaresmal, de 25 a 27 de mar\u00e7o, sob a orienta\u00e7\u00e3o de Pe. Joaquim Teixeira e [&hellip;]<\/p>\n","protected":false},"author":1,"featured_media":2621,"comment_status":"closed","ping_status":"open","sticky":false,"template":"","format":"standard","meta":{"_et_pb_use_builder":"off","_et_pb_old_content":"","_et_gb_content_width":"","footnotes":""},"categories":[36],"tags":[],"class_list":["post-2954","post","type-post","status-publish","format-standard","has-post-thumbnail","hentry","category-retiro","et-has-post-format-content","et_post_format-et-post-format-standard"],"_links":{"self":[{"href":"https:\/\/espiritualidade.carmelitas.pt\/boletim\/wp-json\/wp\/v2\/posts\/2954","targetHints":{"allow":["GET"]}}],"collection":[{"href":"https:\/\/espiritualidade.carmelitas.pt\/boletim\/wp-json\/wp\/v2\/posts"}],"about":[{"href":"https:\/\/espiritualidade.carmelitas.pt\/boletim\/wp-json\/wp\/v2\/types\/post"}],"author":[{"embeddable":true,"href":"https:\/\/espiritualidade.carmelitas.pt\/boletim\/wp-json\/wp\/v2\/users\/1"}],"replies":[{"embeddable":true,"href":"https:\/\/espiritualidade.carmelitas.pt\/boletim\/wp-json\/wp\/v2\/comments?post=2954"}],"version-history":[{"count":1,"href":"https:\/\/espiritualidade.carmelitas.pt\/boletim\/wp-json\/wp\/v2\/posts\/2954\/revisions"}],"predecessor-version":[{"id":2955,"href":"https:\/\/espiritualidade.carmelitas.pt\/boletim\/wp-json\/wp\/v2\/posts\/2954\/revisions\/2955"}],"wp:featuredmedia":[{"embeddable":true,"href":"https:\/\/espiritualidade.carmelitas.pt\/boletim\/wp-json\/wp\/v2\/media\/2621"}],"wp:attachment":[{"href":"https:\/\/espiritualidade.carmelitas.pt\/boletim\/wp-json\/wp\/v2\/media?parent=2954"}],"wp:term":[{"taxonomy":"category","embeddable":true,"href":"https:\/\/espiritualidade.carmelitas.pt\/boletim\/wp-json\/wp\/v2\/categories?post=2954"},{"taxonomy":"post_tag","embeddable":true,"href":"https:\/\/espiritualidade.carmelitas.pt\/boletim\/wp-json\/wp\/v2\/tags?post=2954"}],"curies":[{"name":"wp","href":"https:\/\/api.w.org\/{rel}","templated":true}]}}