{"id":2952,"date":"2022-02-28T03:03:00","date_gmt":"2022-02-28T03:03:00","guid":{"rendered":"https:\/\/espiritualidade.carmelitas.pt\/boletim\/?p=2952"},"modified":"2022-02-26T16:50:55","modified_gmt":"2022-02-26T16:50:55","slug":"retiro-quaresmal","status":"publish","type":"post","link":"https:\/\/espiritualidade.carmelitas.pt\/boletim\/retiro-quaresmal\/","title":{"rendered":"Retiro Quaresmal"},"content":{"rendered":"\n<p><\/p>\n\n\n\n<p><strong>Para jovens<\/strong><\/p>\n\n\n\n<p>Os Carmelitas Descal\u00e7os convidam os jovens a (re)descobrir a Eucaristia. O retiro decorrer\u00e1 de 11 a 13 de mar\u00e7o, no Centro de Espiritualidade em Avessadas (Marco de Canaveses). Sob a orienta\u00e7\u00e3o de frei Francisco e de frei Renato, os jovens ser\u00e3o desafiados a aprofundar o mist\u00e9rio da Eucaristia, segundo a experi\u00eancia dos santos carmelitas, em particular de Santa Teresinha. Atrav\u00e9s de v\u00e1rios momentos de ora\u00e7\u00e3o, medita\u00e7\u00e3o, sil\u00eancio, partilha, adora\u00e7\u00e3o e celebra\u00e7\u00e3o eucar\u00edstica, cada jovem poder\u00e1 desfrutar de uma oportunidade para fazer uma nova experi\u00eancia deste grande sinal sacramental do Amor Pascal de Jesus. <a href=\"https:\/\/avessadas.carmelitas.pt\/noticias\/retiro-quaresmal-para-jovens\/\">\uf320<\/a><\/p>\n","protected":false},"excerpt":{"rendered":"<p>Para jovens Os Carmelitas Descal\u00e7os convidam os jovens a (re)descobrir a Eucaristia. O retiro decorrer\u00e1 de 11 a 13 de mar\u00e7o, no Centro de Espiritualidade em Avessadas (Marco de Canaveses). [&hellip;]<\/p>\n","protected":false},"author":1,"featured_media":2967,"comment_status":"closed","ping_status":"open","sticky":false,"template":"","format":"standard","meta":{"_et_pb_use_builder":"off","_et_pb_old_content":"","_et_gb_content_width":"","footnotes":""},"categories":[36],"tags":[],"class_list":["post-2952","post","type-post","status-publish","format-standard","has-post-thumbnail","hentry","category-retiro","et-has-post-format-content","et_post_format-et-post-format-standard"],"_links":{"self":[{"href":"https:\/\/espiritualidade.carmelitas.pt\/boletim\/wp-json\/wp\/v2\/posts\/2952","targetHints":{"allow":["GET"]}}],"collection":[{"href":"https:\/\/espiritualidade.carmelitas.pt\/boletim\/wp-json\/wp\/v2\/posts"}],"about":[{"href":"https:\/\/espiritualidade.carmelitas.pt\/boletim\/wp-json\/wp\/v2\/types\/post"}],"author":[{"embeddable":true,"href":"https:\/\/espiritualidade.carmelitas.pt\/boletim\/wp-json\/wp\/v2\/users\/1"}],"replies":[{"embeddable":true,"href":"https:\/\/espiritualidade.carmelitas.pt\/boletim\/wp-json\/wp\/v2\/comments?post=2952"}],"version-history":[{"count":1,"href":"https:\/\/espiritualidade.carmelitas.pt\/boletim\/wp-json\/wp\/v2\/posts\/2952\/revisions"}],"predecessor-version":[{"id":2953,"href":"https:\/\/espiritualidade.carmelitas.pt\/boletim\/wp-json\/wp\/v2\/posts\/2952\/revisions\/2953"}],"wp:featuredmedia":[{"embeddable":true,"href":"https:\/\/espiritualidade.carmelitas.pt\/boletim\/wp-json\/wp\/v2\/media\/2967"}],"wp:attachment":[{"href":"https:\/\/espiritualidade.carmelitas.pt\/boletim\/wp-json\/wp\/v2\/media?parent=2952"}],"wp:term":[{"taxonomy":"category","embeddable":true,"href":"https:\/\/espiritualidade.carmelitas.pt\/boletim\/wp-json\/wp\/v2\/categories?post=2952"},{"taxonomy":"post_tag","embeddable":true,"href":"https:\/\/espiritualidade.carmelitas.pt\/boletim\/wp-json\/wp\/v2\/tags?post=2952"}],"curies":[{"name":"wp","href":"https:\/\/api.w.org\/{rel}","templated":true}]}}