{"id":2950,"date":"2022-02-28T03:02:00","date_gmt":"2022-02-28T03:02:00","guid":{"rendered":"https:\/\/espiritualidade.carmelitas.pt\/boletim\/?p=2950"},"modified":"2022-02-26T16:51:20","modified_gmt":"2022-02-26T16:51:20","slug":"memoriae","status":"publish","type":"post","link":"https:\/\/espiritualidade.carmelitas.pt\/boletim\/memoriae\/","title":{"rendered":"Memoriae"},"content":{"rendered":"\n<p><strong>Publica\u00e7\u00e3o peri\u00f3dica do Memorial e Arquivo Irm\u00e3 L\u00facia<\/strong><\/p>\n\n\n\n<p>A Comunidade do Carmelo de Santa Teresa de Coimbra anunciou o lan\u00e7amento de uma publica\u00e7\u00e3o peri\u00f3dica intitulada <em>Memoriae<\/em>, de \u00e2mbito espiritual e cultural, que ter\u00e1 como finalidade a promo\u00e7\u00e3o e divulga\u00e7\u00e3o do conhecimento multidisciplinar da vida e obra da Irm\u00e3 L\u00facia (1907-2005). <em>Memoriae<\/em> marca tamb\u00e9m a constitui\u00e7\u00e3o oficial do Arquivo Irm\u00e3 L\u00facia e do seu Grupo de Trabalho, bem como a constru\u00e7\u00e3o das suas instala\u00e7\u00f5es, anexas ao Memorial j\u00e1 existente. Edi\u00e7\u00e3o do Carmelo de Coimbra, herdeiro da mem\u00f3ria e do esp\u00f3lio documental da Irm\u00e3 Maria L\u00facia de Jesus e do Cora\u00e7\u00e3o Imaculado, a nova publica\u00e7\u00e3o prop\u00f5e o estudo em torno da sua figura, do seu percurso individual, das rela\u00e7\u00f5es que estabeleceu durante a sua vida, bem como da ampla dimens\u00e3o que atingiu no mundo cat\u00f3lico e para al\u00e9m dele. <a href=\"https:\/\/lucia.pt\/anuncio-de-publicacao-periodica\/\">\uf320<\/a><\/p>\n","protected":false},"excerpt":{"rendered":"<p>Publica\u00e7\u00e3o peri\u00f3dica do Memorial e Arquivo Irm\u00e3 L\u00facia A Comunidade do Carmelo de Santa Teresa de Coimbra anunciou o lan\u00e7amento de uma publica\u00e7\u00e3o peri\u00f3dica intitulada Memoriae, de \u00e2mbito espiritual e [&hellip;]<\/p>\n","protected":false},"author":1,"featured_media":2970,"comment_status":"closed","ping_status":"open","sticky":false,"template":"","format":"standard","meta":{"_et_pb_use_builder":"off","_et_pb_old_content":"","_et_gb_content_width":"","footnotes":""},"categories":[13],"tags":[],"class_list":["post-2950","post","type-post","status-publish","format-standard","has-post-thumbnail","hentry","category-divulgacao","et-has-post-format-content","et_post_format-et-post-format-standard"],"_links":{"self":[{"href":"https:\/\/espiritualidade.carmelitas.pt\/boletim\/wp-json\/wp\/v2\/posts\/2950","targetHints":{"allow":["GET"]}}],"collection":[{"href":"https:\/\/espiritualidade.carmelitas.pt\/boletim\/wp-json\/wp\/v2\/posts"}],"about":[{"href":"https:\/\/espiritualidade.carmelitas.pt\/boletim\/wp-json\/wp\/v2\/types\/post"}],"author":[{"embeddable":true,"href":"https:\/\/espiritualidade.carmelitas.pt\/boletim\/wp-json\/wp\/v2\/users\/1"}],"replies":[{"embeddable":true,"href":"https:\/\/espiritualidade.carmelitas.pt\/boletim\/wp-json\/wp\/v2\/comments?post=2950"}],"version-history":[{"count":1,"href":"https:\/\/espiritualidade.carmelitas.pt\/boletim\/wp-json\/wp\/v2\/posts\/2950\/revisions"}],"predecessor-version":[{"id":2951,"href":"https:\/\/espiritualidade.carmelitas.pt\/boletim\/wp-json\/wp\/v2\/posts\/2950\/revisions\/2951"}],"wp:featuredmedia":[{"embeddable":true,"href":"https:\/\/espiritualidade.carmelitas.pt\/boletim\/wp-json\/wp\/v2\/media\/2970"}],"wp:attachment":[{"href":"https:\/\/espiritualidade.carmelitas.pt\/boletim\/wp-json\/wp\/v2\/media?parent=2950"}],"wp:term":[{"taxonomy":"category","embeddable":true,"href":"https:\/\/espiritualidade.carmelitas.pt\/boletim\/wp-json\/wp\/v2\/categories?post=2950"},{"taxonomy":"post_tag","embeddable":true,"href":"https:\/\/espiritualidade.carmelitas.pt\/boletim\/wp-json\/wp\/v2\/tags?post=2950"}],"curies":[{"name":"wp","href":"https:\/\/api.w.org\/{rel}","templated":true}]}}