{"id":2948,"date":"2022-02-28T03:01:00","date_gmt":"2022-02-28T03:01:00","guid":{"rendered":"https:\/\/espiritualidade.carmelitas.pt\/boletim\/?p=2948"},"modified":"2022-02-26T07:59:00","modified_gmt":"2022-02-26T07:59:00","slug":"viver-a-misericordia-de-deus-com-os-santos-do-carmelo","status":"publish","type":"post","link":"https:\/\/espiritualidade.carmelitas.pt\/boletim\/viver-a-misericordia-de-deus-com-os-santos-do-carmelo\/","title":{"rendered":"Viver a miseric\u00f3rdia de Deus com os santos do Carmelo"},"content":{"rendered":"\n<p><strong>Retiro Online<\/strong><\/p>\n\n\n\n<p>Os Carmelitas Descal\u00e7os voltam a oferecer mais um ano uma proposta de retiro online de prepara\u00e7\u00e3o para a Quaresma de 2022. Com o tema, &#8220;<em>Viver a miseric\u00f3rdia de Deus com os santos do Carmelo<\/em>&#8220;, a organiza\u00e7\u00e3o pretende oferecer a medita\u00e7\u00e3o do Evangelho dominical, com in\u00edcio a partir de Quarta-feira de Cinzas. Os santos carmelitas que acompanhar\u00e3o no tema da Miseric\u00f3rdia de Deus ser\u00e3o: Santa Teresa de Jesus, S\u00e3o Jo\u00e3o da Cruz, Vener\u00e1vel Louren\u00e7o da Ressurrei\u00e7\u00e3o, Santa Isabel da Trindade e Santa Teresa dos Andes. As medita\u00e7\u00f5es foram preparadas pelos Carmelitas da Prov\u00edncia de Paris e traduzidos para portugu\u00eas. <a href=\"https:\/\/www.carmelitas.pt\/site\/noticias\/noticias_ver.php?cod_noticia=653\">+<\/a><\/p>\n","protected":false},"excerpt":{"rendered":"<p>Retiro Online Os Carmelitas Descal\u00e7os voltam a oferecer mais um ano uma proposta de retiro online de prepara\u00e7\u00e3o para a Quaresma de 2022. Com o tema, &#8220;Viver a miseric\u00f3rdia de [&hellip;]<\/p>\n","protected":false},"author":1,"featured_media":0,"comment_status":"closed","ping_status":"open","sticky":false,"template":"","format":"standard","meta":{"_et_pb_use_builder":"off","_et_pb_old_content":"","_et_gb_content_width":"","footnotes":""},"categories":[36],"tags":[],"class_list":["post-2948","post","type-post","status-publish","format-standard","hentry","category-retiro","et-doesnt-have-format-content","et_post_format-et-post-format-standard"],"_links":{"self":[{"href":"https:\/\/espiritualidade.carmelitas.pt\/boletim\/wp-json\/wp\/v2\/posts\/2948","targetHints":{"allow":["GET"]}}],"collection":[{"href":"https:\/\/espiritualidade.carmelitas.pt\/boletim\/wp-json\/wp\/v2\/posts"}],"about":[{"href":"https:\/\/espiritualidade.carmelitas.pt\/boletim\/wp-json\/wp\/v2\/types\/post"}],"author":[{"embeddable":true,"href":"https:\/\/espiritualidade.carmelitas.pt\/boletim\/wp-json\/wp\/v2\/users\/1"}],"replies":[{"embeddable":true,"href":"https:\/\/espiritualidade.carmelitas.pt\/boletim\/wp-json\/wp\/v2\/comments?post=2948"}],"version-history":[{"count":1,"href":"https:\/\/espiritualidade.carmelitas.pt\/boletim\/wp-json\/wp\/v2\/posts\/2948\/revisions"}],"predecessor-version":[{"id":2949,"href":"https:\/\/espiritualidade.carmelitas.pt\/boletim\/wp-json\/wp\/v2\/posts\/2948\/revisions\/2949"}],"wp:attachment":[{"href":"https:\/\/espiritualidade.carmelitas.pt\/boletim\/wp-json\/wp\/v2\/media?parent=2948"}],"wp:term":[{"taxonomy":"category","embeddable":true,"href":"https:\/\/espiritualidade.carmelitas.pt\/boletim\/wp-json\/wp\/v2\/categories?post=2948"},{"taxonomy":"post_tag","embeddable":true,"href":"https:\/\/espiritualidade.carmelitas.pt\/boletim\/wp-json\/wp\/v2\/tags?post=2948"}],"curies":[{"name":"wp","href":"https:\/\/api.w.org\/{rel}","templated":true}]}}