{"id":2935,"date":"2022-01-31T03:21:00","date_gmt":"2022-01-31T03:21:00","guid":{"rendered":"https:\/\/espiritualidade.carmelitas.pt\/boletim\/?p=2935"},"modified":"2022-01-28T10:22:39","modified_gmt":"2022-01-28T10:22:39","slug":"ate-deus-retiro-mariano","status":"publish","type":"post","link":"https:\/\/espiritualidade.carmelitas.pt\/boletim\/ate-deus-retiro-mariano\/","title":{"rendered":"&#8220;At\u00e9 Deus&#8221;: Retiro Mariano"},"content":{"rendered":"\n<p><em>11 a 13 de fevereiro de 2022<\/em><\/p>\n\n\n\n<p>Os carmelitas descal\u00e7os prop\u00f5em um tempo de <a href=\"https:\/\/www.fatima.pt\/pt\/news\/peregrinos-convidados-a-meditar-nos-misterios-luminosos-no-encontro-o-rosario-itinerario-evangelico-de-vida-teologal-\">retiro no Centro de Espiritualidade de Avessadas<\/a>, de 11 a 13 de fevereiro. Esta atividade, orientada pelo frei Renato da Cruz, pretende favorecer o encontro com Deus atrav\u00e9s de Maria, a partir do testemunho da Irm\u00e3 L\u00facia, cuja partida para a eternidade se assinala, precisamente, no dia 13 de fevereiro. Partindo da experi\u00eancia de L\u00facia, de Francisco e de Jacinta, os participantes ser\u00e3o convidados a deixar-se conduzir por Maria de tal modo que, para cada um deles, Ela seja \u00abcaminho e ref\u00fagio que conduza at\u00e9 Deus\u00bb. Al\u00e9m de usufruir do ambiente de recolhimento que proporcionam os diversos espa\u00e7os do Centro de Espiritualidade, o grupo em retiro viver\u00e1 aqueles dias em sil\u00eancio e ter\u00e1 a oportunidade de celebrar e orar com a comunidade dos carmelitas de Avessadas.<\/p>\n","protected":false},"excerpt":{"rendered":"<p>11 a 13 de fevereiro de 2022 Os carmelitas descal\u00e7os prop\u00f5em um tempo de retiro no Centro de Espiritualidade de Avessadas, de 11 a 13 de fevereiro. Esta atividade, orientada [&hellip;]<\/p>\n","protected":false},"author":1,"featured_media":2932,"comment_status":"closed","ping_status":"open","sticky":false,"template":"","format":"standard","meta":{"_et_pb_use_builder":"off","_et_pb_old_content":"","_et_gb_content_width":"","footnotes":""},"categories":[36],"tags":[],"class_list":["post-2935","post","type-post","status-publish","format-standard","has-post-thumbnail","hentry","category-retiro","et-has-post-format-content","et_post_format-et-post-format-standard"],"_links":{"self":[{"href":"https:\/\/espiritualidade.carmelitas.pt\/boletim\/wp-json\/wp\/v2\/posts\/2935","targetHints":{"allow":["GET"]}}],"collection":[{"href":"https:\/\/espiritualidade.carmelitas.pt\/boletim\/wp-json\/wp\/v2\/posts"}],"about":[{"href":"https:\/\/espiritualidade.carmelitas.pt\/boletim\/wp-json\/wp\/v2\/types\/post"}],"author":[{"embeddable":true,"href":"https:\/\/espiritualidade.carmelitas.pt\/boletim\/wp-json\/wp\/v2\/users\/1"}],"replies":[{"embeddable":true,"href":"https:\/\/espiritualidade.carmelitas.pt\/boletim\/wp-json\/wp\/v2\/comments?post=2935"}],"version-history":[{"count":1,"href":"https:\/\/espiritualidade.carmelitas.pt\/boletim\/wp-json\/wp\/v2\/posts\/2935\/revisions"}],"predecessor-version":[{"id":2936,"href":"https:\/\/espiritualidade.carmelitas.pt\/boletim\/wp-json\/wp\/v2\/posts\/2935\/revisions\/2936"}],"wp:featuredmedia":[{"embeddable":true,"href":"https:\/\/espiritualidade.carmelitas.pt\/boletim\/wp-json\/wp\/v2\/media\/2932"}],"wp:attachment":[{"href":"https:\/\/espiritualidade.carmelitas.pt\/boletim\/wp-json\/wp\/v2\/media?parent=2935"}],"wp:term":[{"taxonomy":"category","embeddable":true,"href":"https:\/\/espiritualidade.carmelitas.pt\/boletim\/wp-json\/wp\/v2\/categories?post=2935"},{"taxonomy":"post_tag","embeddable":true,"href":"https:\/\/espiritualidade.carmelitas.pt\/boletim\/wp-json\/wp\/v2\/tags?post=2935"}],"curies":[{"name":"wp","href":"https:\/\/api.w.org\/{rel}","templated":true}]}}