{"id":2930,"date":"2022-01-31T03:09:00","date_gmt":"2022-01-31T03:09:00","guid":{"rendered":"https:\/\/espiritualidade.carmelitas.pt\/boletim\/?p=2930"},"modified":"2022-01-28T10:21:02","modified_gmt":"2022-01-28T10:21:02","slug":"jornadas-de-teologia-2022","status":"publish","type":"post","link":"https:\/\/espiritualidade.carmelitas.pt\/boletim\/jornadas-de-teologia-2022\/","title":{"rendered":"Jornadas de Teologia 2022"},"content":{"rendered":"\n<p><em>7 a 10 de fevereiro de 2022<\/em><\/p>\n\n\n\n<p>\u201cO Reconhecimento da Fraternidade. Fundamentos, Hermen\u00eauticas e Desafios da Fratelli Tutti&#8221;, \u00e9 o tema das<a href=\"https:\/\/ft.ucp.pt\/pt-pt\/eventos\/jornadas-de-teologia-2022-o-reconhecimento-da-fraternidade-fundamentos-hermeneuticas-e-desafios-da-33276\"> Jornadas de Teologia 2022 <\/a>que a Faculdade de Teologia (Porto), em colabora\u00e7\u00e3o com a Diocese do Porto e a Irmandade dos Cl\u00e9rigos, est\u00e1 a organizar, entre os dias 7 e 10 de fevereiro de 2022. O evento, decorrer\u00e1 em regime Online, privilegiando o ambiente digital via Zoom. \uf320<\/p>\n","protected":false},"excerpt":{"rendered":"<p>7 a 10 de fevereiro de 2022 \u201cO Reconhecimento da Fraternidade. Fundamentos, Hermen\u00eauticas e Desafios da Fratelli Tutti&#8221;, \u00e9 o tema das Jornadas de Teologia 2022 que a Faculdade de [&hellip;]<\/p>\n","protected":false},"author":1,"featured_media":2931,"comment_status":"closed","ping_status":"open","sticky":false,"template":"","format":"standard","meta":{"_et_pb_use_builder":"off","_et_pb_old_content":"","_et_gb_content_width":"","footnotes":""},"categories":[35],"tags":[],"class_list":["post-2930","post","type-post","status-publish","format-standard","has-post-thumbnail","hentry","category-jornada","et-has-post-format-content","et_post_format-et-post-format-standard"],"_links":{"self":[{"href":"https:\/\/espiritualidade.carmelitas.pt\/boletim\/wp-json\/wp\/v2\/posts\/2930","targetHints":{"allow":["GET"]}}],"collection":[{"href":"https:\/\/espiritualidade.carmelitas.pt\/boletim\/wp-json\/wp\/v2\/posts"}],"about":[{"href":"https:\/\/espiritualidade.carmelitas.pt\/boletim\/wp-json\/wp\/v2\/types\/post"}],"author":[{"embeddable":true,"href":"https:\/\/espiritualidade.carmelitas.pt\/boletim\/wp-json\/wp\/v2\/users\/1"}],"replies":[{"embeddable":true,"href":"https:\/\/espiritualidade.carmelitas.pt\/boletim\/wp-json\/wp\/v2\/comments?post=2930"}],"version-history":[{"count":2,"href":"https:\/\/espiritualidade.carmelitas.pt\/boletim\/wp-json\/wp\/v2\/posts\/2930\/revisions"}],"predecessor-version":[{"id":2934,"href":"https:\/\/espiritualidade.carmelitas.pt\/boletim\/wp-json\/wp\/v2\/posts\/2930\/revisions\/2934"}],"wp:featuredmedia":[{"embeddable":true,"href":"https:\/\/espiritualidade.carmelitas.pt\/boletim\/wp-json\/wp\/v2\/media\/2931"}],"wp:attachment":[{"href":"https:\/\/espiritualidade.carmelitas.pt\/boletim\/wp-json\/wp\/v2\/media?parent=2930"}],"wp:term":[{"taxonomy":"category","embeddable":true,"href":"https:\/\/espiritualidade.carmelitas.pt\/boletim\/wp-json\/wp\/v2\/categories?post=2930"},{"taxonomy":"post_tag","embeddable":true,"href":"https:\/\/espiritualidade.carmelitas.pt\/boletim\/wp-json\/wp\/v2\/tags?post=2930"}],"curies":[{"name":"wp","href":"https:\/\/api.w.org\/{rel}","templated":true}]}}