{"id":2927,"date":"2022-01-31T03:04:00","date_gmt":"2022-01-31T03:04:00","guid":{"rendered":"https:\/\/espiritualidade.carmelitas.pt\/boletim\/?p=2927"},"modified":"2022-01-28T10:06:52","modified_gmt":"2022-01-28T10:06:52","slug":"o-rosario-itinerario-evangelico-de-vida-teologal-2","status":"publish","type":"post","link":"https:\/\/espiritualidade.carmelitas.pt\/boletim\/o-rosario-itinerario-evangelico-de-vida-teologal-2\/","title":{"rendered":"O Ros\u00e1rio, itiner\u00e1rio evang\u00e9lico de vida teologal"},"content":{"rendered":"\n<p><em>4 a 6 de fevereiro de 2022<\/em><br>A Escola do Santu\u00e1rio prop\u00f5e de 4 a 6 de fevereiro o segundo encontro sobre \u201c<a href=\"https:\/\/www.fatima.pt\/pt\/news\/peregrinos-convidados-a-meditar-nos-misterios-luminosos-no-encontro-o-rosario-itinerario-evangelico-de-vida-teologal-\" data-type=\"URL\" data-id=\"https:\/\/www.fatima.pt\/pt\/news\/peregrinos-convidados-a-meditar-nos-misterios-luminosos-no-encontro-o-rosario-itinerario-evangelico-de-vida-teologal-\">O Ros\u00e1rio, itiner\u00e1rio evang\u00e9lico de vida teologal<\/a>\u201d, durante o qual ser\u00e3o refletidos os Mist\u00e9rios Luminosos. \u201cO Ros\u00e1rio no mist\u00e9rio crist\u00e3o\u201d; \u201cOs Mist\u00e9rios da Luz. Perspetiva b\u00edblica e espiritual\u201d; \u00ab\u201cO Reino. Perspetiva teol\u00f3gica\u201d; \u201cViver e crer, esperar e amar. Perspetiva teologal\u201d e \u201cAprofundamento teologal e Partilha da luz\u201ds\u00e3o aspetos que ir\u00e3o ser aflorados durante o encontro, o segundo de quatro sobre os mist\u00e9rios do Ros\u00e1rio\u00bb, refere o Santu\u00e1rio de F\u00e1tima. Estes encontros visam recuperar a consci\u00eancia e o significado da ora\u00e7\u00e3o do ros\u00e1rio, da sua profundidade e da sua atualidade. <\/p>\n","protected":false},"excerpt":{"rendered":"<p>4 a 6 de fevereiro de 2022A Escola do Santu\u00e1rio prop\u00f5e de 4 a 6 de fevereiro o segundo encontro sobre \u201cO Ros\u00e1rio, itiner\u00e1rio evang\u00e9lico de vida teologal\u201d, durante o [&hellip;]<\/p>\n","protected":false},"author":1,"featured_media":2928,"comment_status":"closed","ping_status":"open","sticky":false,"template":"","format":"standard","meta":{"_et_pb_use_builder":"off","_et_pb_old_content":"","_et_gb_content_width":"","footnotes":""},"categories":[13],"tags":[],"class_list":["post-2927","post","type-post","status-publish","format-standard","has-post-thumbnail","hentry","category-divulgacao","et-has-post-format-content","et_post_format-et-post-format-standard"],"_links":{"self":[{"href":"https:\/\/espiritualidade.carmelitas.pt\/boletim\/wp-json\/wp\/v2\/posts\/2927","targetHints":{"allow":["GET"]}}],"collection":[{"href":"https:\/\/espiritualidade.carmelitas.pt\/boletim\/wp-json\/wp\/v2\/posts"}],"about":[{"href":"https:\/\/espiritualidade.carmelitas.pt\/boletim\/wp-json\/wp\/v2\/types\/post"}],"author":[{"embeddable":true,"href":"https:\/\/espiritualidade.carmelitas.pt\/boletim\/wp-json\/wp\/v2\/users\/1"}],"replies":[{"embeddable":true,"href":"https:\/\/espiritualidade.carmelitas.pt\/boletim\/wp-json\/wp\/v2\/comments?post=2927"}],"version-history":[{"count":1,"href":"https:\/\/espiritualidade.carmelitas.pt\/boletim\/wp-json\/wp\/v2\/posts\/2927\/revisions"}],"predecessor-version":[{"id":2929,"href":"https:\/\/espiritualidade.carmelitas.pt\/boletim\/wp-json\/wp\/v2\/posts\/2927\/revisions\/2929"}],"wp:featuredmedia":[{"embeddable":true,"href":"https:\/\/espiritualidade.carmelitas.pt\/boletim\/wp-json\/wp\/v2\/media\/2928"}],"wp:attachment":[{"href":"https:\/\/espiritualidade.carmelitas.pt\/boletim\/wp-json\/wp\/v2\/media?parent=2927"}],"wp:term":[{"taxonomy":"category","embeddable":true,"href":"https:\/\/espiritualidade.carmelitas.pt\/boletim\/wp-json\/wp\/v2\/categories?post=2927"},{"taxonomy":"post_tag","embeddable":true,"href":"https:\/\/espiritualidade.carmelitas.pt\/boletim\/wp-json\/wp\/v2\/tags?post=2927"}],"curies":[{"name":"wp","href":"https:\/\/api.w.org\/{rel}","templated":true}]}}