{"id":2921,"date":"2021-12-31T04:41:00","date_gmt":"2021-12-31T04:41:00","guid":{"rendered":"https:\/\/espiritualidade.carmelitas.pt\/boletim\/?p=2921"},"modified":"2021-12-28T18:50:53","modified_gmt":"2021-12-28T18:50:53","slug":"as-palavras-que-o-presepio-inspira","status":"publish","type":"post","link":"https:\/\/espiritualidade.carmelitas.pt\/boletim\/as-palavras-que-o-presepio-inspira\/","title":{"rendered":"As palavras que o pres\u00e9pio inspira"},"content":{"rendered":"\n<p><em>Armindo Vaz, OCD<\/em><\/p>\n\n\n\n<p>Enquanto, em tempo de Natal, o pres\u00e9pio est\u00e1 exposto \u00e0 contempla\u00e7\u00e3o, n\u00e3o s\u00f3 nas igrejas mas porventura nas nossas casas e pra\u00e7as, aproximamo-nos dele, agora dispostos a meditar, porque \u201co Pres\u00e9pio \u00e9 como um evangelho vivo que transvaza das p\u00e1ginas da Sagrada Escritura\u201d (Papa FRANCISCO, <em>Admirabile signum<\/em>, 1). Cada uma das suas figuras emerge, com o pr\u00f3prio nome, do sil\u00eancio que liga as estrelas do c\u00e9u infinito com a trama dos dias que passam lentos na terra.<\/p>\n\n\n\n<p>De entre as ternurentas figuras, Maria \u00e9 a que mais pensa: \u201cGuardava todas aquelas palavras\/acontecimentos [dois significados poss\u00edveis de <em>rh\u00e9mata<\/em> na l\u00edngua original, grega, que tem por tr\u00e1s a hebraica <em>dabar<\/em>] e ponderava-as no seu cora\u00e7\u00e3o\u201d (Lc 2,19.51). O <em>cora\u00e7\u00e3o<\/em> \u00e9 na B\u00edblia o \u00f3rg\u00e3o do discernimento, da compreens\u00e3o e do amor \u00e0 verdade (mais do que simples lugar dos afectos e das emo\u00e7\u00f5es). Maria, a int\u00e9rprete, revolvia na mem\u00f3ria \u2013 entre os fragmentos das palavras e o sil\u00eancio de Deus \u2013 o amor prometido de Jos\u00e9, o parto desafiante e intensamente vivido, o menino-prod\u00edgio. Procurava a linha condutora que dava coer\u00eancia e sentido profundo a tudo o que se centrava no menino, aquele que mais fazia pensar. Era remetida para o divino (simbolizado pelos anjos e pelos cantos celestiais) e atra\u00edda para todos os povos (simbolizados pelos magos) e para os pobres, abertos \u00e0 transcend\u00eancia (significados pelos pastores). Esta tarefa de interpreta\u00e7\u00e3o pr\u00f3pria do cora\u00e7\u00e3o n\u00e3o se esgotaria em Maria at\u00e9 ao fim da vida terrena. Mas aqueles in\u00edcios relacionados com o Filho estavam a ser intensivos, levando-a constantemente ao espanto jubiloso e ao encantamento. Ela <em>guardava<\/em>: subtra\u00eda os acontecimentos ao esquecimento e multiplicava o sentido deles, fertilizando os do presente com os do passado no seu povo, porque foi precisamente a interliga\u00e7\u00e3o das palavras com os respectivos acontecimentos que se tornou reveladora. Procurava fazer falar os sil\u00eancios entre as palavras e o sil\u00eancio dos acontecimentos, fugindo \u00e0 leitura parcial. De facto, foi na interliga\u00e7\u00e3o, na significa\u00e7\u00e3o din\u00e2mica e na globalidade destes acontecimentos que se foi fazendo e revelando a ess\u00eancia do movimento gerado por Jesus.<\/p>\n\n\n\n<p>Sendo o menino Jesus o centro de toda a aten\u00e7\u00e3o das personagens do pres\u00e9pio, outra importante \u00e9 Jos\u00e9. Nos relatos da concep\u00e7\u00e3o e do nascimento de Jesus, em Mateus e Lucas, n\u00e3o fala (nem em todo o evangelho \u00e9 posto a dizer alguma palavra). \u00c9 a voz do sil\u00eancio, uma tonalidade em atitude de escuta de outros sons, como o pr\u00f3prio som do sil\u00eancio, o da noite, o da beleza, o da bondade. Num (pouco conhecido) \u00edcone do fim do s\u00e9c. X, para o imperador Bas\u00edlio II, Jos\u00e9 \u00e9 representado na periferia do pres\u00e9pio, pensativo, de costas voltadas a Maria e ao menino, com o olhar perdido no infinito, enquanto os anjos cantam com j\u00fabilo e anunciam o nascimento aos pastores. Parece que o pintor quis sugerir um Jos\u00e9 tocado pelo mist\u00e9rio que ele n\u00e3o atingia e pelo amor que estaria por tr\u00e1s do seu sil\u00eancio. Jos\u00e9 testemunha que n\u00e3o se pode viver bem sem alguma dose de mist\u00e9rio.<\/p>\n\n\n\n<p>Ao aproximar-se a festa da Epifania, entram em cena os magos: \u201cAo ver a estrela, encheram-se de imensa alegria; entraram na casa; viram o menino com Maria, sua m\u00e3e e, prostrando-se, adoraram-no\u201d (Mt 2,11). \u201cAdoraram-no\u201d quer dizer que o reconheceram como Deus. A m\u00e3e aparece como o altar em que o menino, \u201co rei dos judeus que tinha nascido\u201d (Mt 2,2), estava exposto \u00e0 adora\u00e7\u00e3o de todos os povos, simbolicamente representados nos magos. A m\u00e3e \u2013 que um dia receber\u00e1 nos bra\u00e7os, com o cora\u00e7\u00e3o rasgado de <em>Piet\u00e0<\/em>, o Jesus morto descido da cruz \u2013 no natal do filho mostrava-o enternecidamente extremosa, porventura com um tra\u00e7o de humildade. O menino ador\u00e1vel estremecido no pres\u00e9pio e o homem exangue desfalecido no Calv\u00e1rio recebem o mesmo amor da m\u00e3e, que nunca falha.<\/p>\n\n\n\n<p>Perante a for\u00e7a e a intensidade arrebatadora destas cenas, a do nascimento e a da morte de Jesus, n\u00e3o h\u00e1 pecado que resista. \u00c9 devorado no fogo incandescente do amor divino. Venham ao pres\u00e9pio os mendigos de perd\u00e3o e miseric\u00f3rdia, venham os que se sentem marginalizados e abandonados, venham os perdidos peregrinos \u00e0 procura da Verdade, venham os procuradores de Sentido para a vida, venham os sedentos de Transcend\u00eancia, pois para todos resplandece a Palavra que enche de colorido e m\u00fasica a exist\u00eancia humana. Se algu\u00e9m p\u00f4de dizer que \u201cDeus \u00e9 amor\u201d (1Jo 4,8.16), ter\u00e1 sido porque o viu no Jesus menino amado pela m\u00e3e, no Jesus adulto que multiplicava o p\u00e3o da sa\u00fade e da liberdade, no Jesus crucificado que abra\u00e7ava o mundo inteiro. Desde ent\u00e3o, cada epis\u00f3dio de amor, cada pequena ou grande hist\u00f3ria de amor aut\u00eantico \u2013 que implica doa\u00e7\u00e3o e partilha o bem, sem pedir ou exigir nada em troca \u2013 \u00e9 um acontecimento que tem a b\u00ean\u00e7\u00e3o do c\u00e9u. \u00c9 um acontecimento que d\u00e1 corpo ao divino. Jesus \u00e9 o menino e o homem em quem convergem dois procuradores: nele, Deus procurou o homem; e ele \u00e9 o \u2018lugar\u2019 em que o homem pode procurar e encontrar Deus.<\/p>\n","protected":false},"excerpt":{"rendered":"<p>Armindo Vaz, OCD Enquanto, em tempo de Natal, o pres\u00e9pio est\u00e1 exposto \u00e0 contempla\u00e7\u00e3o, n\u00e3o s\u00f3 nas igrejas mas porventura nas nossas casas e pra\u00e7as, aproximamo-nos dele, agora dispostos a [&hellip;]<\/p>\n","protected":false},"author":1,"featured_media":2922,"comment_status":"closed","ping_status":"open","sticky":false,"template":"","format":"standard","meta":{"_et_pb_use_builder":"off","_et_pb_old_content":"","_et_gb_content_width":"","footnotes":""},"categories":[4],"tags":[],"class_list":["post-2921","post","type-post","status-publish","format-standard","has-post-thumbnail","hentry","category-artigos","et-has-post-format-content","et_post_format-et-post-format-standard"],"_links":{"self":[{"href":"https:\/\/espiritualidade.carmelitas.pt\/boletim\/wp-json\/wp\/v2\/posts\/2921","targetHints":{"allow":["GET"]}}],"collection":[{"href":"https:\/\/espiritualidade.carmelitas.pt\/boletim\/wp-json\/wp\/v2\/posts"}],"about":[{"href":"https:\/\/espiritualidade.carmelitas.pt\/boletim\/wp-json\/wp\/v2\/types\/post"}],"author":[{"embeddable":true,"href":"https:\/\/espiritualidade.carmelitas.pt\/boletim\/wp-json\/wp\/v2\/users\/1"}],"replies":[{"embeddable":true,"href":"https:\/\/espiritualidade.carmelitas.pt\/boletim\/wp-json\/wp\/v2\/comments?post=2921"}],"version-history":[{"count":1,"href":"https:\/\/espiritualidade.carmelitas.pt\/boletim\/wp-json\/wp\/v2\/posts\/2921\/revisions"}],"predecessor-version":[{"id":2923,"href":"https:\/\/espiritualidade.carmelitas.pt\/boletim\/wp-json\/wp\/v2\/posts\/2921\/revisions\/2923"}],"wp:featuredmedia":[{"embeddable":true,"href":"https:\/\/espiritualidade.carmelitas.pt\/boletim\/wp-json\/wp\/v2\/media\/2922"}],"wp:attachment":[{"href":"https:\/\/espiritualidade.carmelitas.pt\/boletim\/wp-json\/wp\/v2\/media?parent=2921"}],"wp:term":[{"taxonomy":"category","embeddable":true,"href":"https:\/\/espiritualidade.carmelitas.pt\/boletim\/wp-json\/wp\/v2\/categories?post=2921"},{"taxonomy":"post_tag","embeddable":true,"href":"https:\/\/espiritualidade.carmelitas.pt\/boletim\/wp-json\/wp\/v2\/tags?post=2921"}],"curies":[{"name":"wp","href":"https:\/\/api.w.org\/{rel}","templated":true}]}}