{"id":2911,"date":"2021-12-31T03:15:00","date_gmt":"2021-12-31T03:15:00","guid":{"rendered":"https:\/\/espiritualidade.carmelitas.pt\/boletim\/?p=2911"},"modified":"2021-12-28T18:47:00","modified_gmt":"2021-12-28T18:47:00","slug":"claustro","status":"publish","type":"post","link":"https:\/\/espiritualidade.carmelitas.pt\/boletim\/claustro\/","title":{"rendered":"Claustro"},"content":{"rendered":"\n<p><em>Espa\u00e7o de encontro e di\u00e1logo<\/em><br>Claustro \u00e9 aquele lugar que, no convento, faz a media\u00e7\u00e3o entre o exterior e o interior, ou permite que do interior se penetre ainda mais no mais interior da casa; d\u00e1 tamb\u00e9m para quatro dedos de conversa e para vislumbres de c\u00e9u. \u00c9 este o ponto de partida para o rec\u00e9m-projeto lan\u00e7ado pelos Carmelitas Descal\u00e7os no passado dia 14 de dezembro: a promo\u00e7\u00e3o do di\u00e1logo de amigos entre a Igreja e a sociedade. Um claustro tem quatro alas ou galerias; este tem quatro sec\u00e7\u00f5es. A saber: Casa comum, Cultura, Desafios, Espiritualidade. Para cada sec\u00e7\u00e3o foram escolhidos cinco colaboradores que ser\u00e3o distribu\u00eddos ao longo do ano. A cada ter\u00e7a-feira ser\u00e1 publicado um artigo em <a href=\"https:\/\/claustro.carmelitas.pt\">claustro.carmelitas.pt<\/a>. <\/p>\n","protected":false},"excerpt":{"rendered":"<p>Espa\u00e7o de encontro e di\u00e1logoClaustro \u00e9 aquele lugar que, no convento, faz a media\u00e7\u00e3o entre o exterior e o interior, ou permite que do interior se penetre ainda mais no [&hellip;]<\/p>\n","protected":false},"author":1,"featured_media":2912,"comment_status":"closed","ping_status":"open","sticky":false,"template":"","format":"standard","meta":{"_et_pb_use_builder":"off","_et_pb_old_content":"","_et_gb_content_width":"","footnotes":""},"categories":[13],"tags":[],"class_list":["post-2911","post","type-post","status-publish","format-standard","has-post-thumbnail","hentry","category-divulgacao","et-has-post-format-content","et_post_format-et-post-format-standard"],"_links":{"self":[{"href":"https:\/\/espiritualidade.carmelitas.pt\/boletim\/wp-json\/wp\/v2\/posts\/2911","targetHints":{"allow":["GET"]}}],"collection":[{"href":"https:\/\/espiritualidade.carmelitas.pt\/boletim\/wp-json\/wp\/v2\/posts"}],"about":[{"href":"https:\/\/espiritualidade.carmelitas.pt\/boletim\/wp-json\/wp\/v2\/types\/post"}],"author":[{"embeddable":true,"href":"https:\/\/espiritualidade.carmelitas.pt\/boletim\/wp-json\/wp\/v2\/users\/1"}],"replies":[{"embeddable":true,"href":"https:\/\/espiritualidade.carmelitas.pt\/boletim\/wp-json\/wp\/v2\/comments?post=2911"}],"version-history":[{"count":1,"href":"https:\/\/espiritualidade.carmelitas.pt\/boletim\/wp-json\/wp\/v2\/posts\/2911\/revisions"}],"predecessor-version":[{"id":2913,"href":"https:\/\/espiritualidade.carmelitas.pt\/boletim\/wp-json\/wp\/v2\/posts\/2911\/revisions\/2913"}],"wp:featuredmedia":[{"embeddable":true,"href":"https:\/\/espiritualidade.carmelitas.pt\/boletim\/wp-json\/wp\/v2\/media\/2912"}],"wp:attachment":[{"href":"https:\/\/espiritualidade.carmelitas.pt\/boletim\/wp-json\/wp\/v2\/media?parent=2911"}],"wp:term":[{"taxonomy":"category","embeddable":true,"href":"https:\/\/espiritualidade.carmelitas.pt\/boletim\/wp-json\/wp\/v2\/categories?post=2911"},{"taxonomy":"post_tag","embeddable":true,"href":"https:\/\/espiritualidade.carmelitas.pt\/boletim\/wp-json\/wp\/v2\/tags?post=2911"}],"curies":[{"name":"wp","href":"https:\/\/api.w.org\/{rel}","templated":true}]}}