{"id":2908,"date":"2021-12-31T03:12:00","date_gmt":"2021-12-31T03:12:00","guid":{"rendered":"https:\/\/espiritualidade.carmelitas.pt\/boletim\/?p=2908"},"modified":"2021-12-28T18:45:13","modified_gmt":"2021-12-28T18:45:13","slug":"7a-edicao-do-clique-ao-toque","status":"publish","type":"post","link":"https:\/\/espiritualidade.carmelitas.pt\/boletim\/7a-edicao-do-clique-ao-toque\/","title":{"rendered":"7\u00aa edi\u00e7\u00e3o Do Clique ao Toque"},"content":{"rendered":"\n<p><em>O di\u00e1logo entre a vida e a f\u00e9 nos dispositivos digitais<\/em><br>A Faculdade de Teologia e o Centro de Investiga\u00e7\u00e3o em Teologia e Estudos da Religi\u00e3o \u2013 CITER, em parceria com o Secretariado Nacional da Educa\u00e7\u00e3o Crist\u00e3, promovem, nos dias 29 de janeiro, 5 e 12 de fevereiro de 2022, a 7\u00aa edi\u00e7\u00e3o &#8220;Do Clique ao Toque&#8221;, em regime Online, dedicada ao tema \u00abO di\u00e1logo entre a vida e a f\u00e9 nos dispositivos digitais\u00bb. <\/p>\n","protected":false},"excerpt":{"rendered":"<p>O di\u00e1logo entre a vida e a f\u00e9 nos dispositivos digitaisA Faculdade de Teologia e o Centro de Investiga\u00e7\u00e3o em Teologia e Estudos da Religi\u00e3o \u2013 CITER, em parceria com [&hellip;]<\/p>\n","protected":false},"author":1,"featured_media":2909,"comment_status":"closed","ping_status":"open","sticky":false,"template":"","format":"standard","meta":{"_et_pb_use_builder":"off","_et_pb_old_content":"","_et_gb_content_width":"","footnotes":""},"categories":[3],"tags":[],"class_list":["post-2908","post","type-post","status-publish","format-standard","has-post-thumbnail","hentry","category-conferencias","et-has-post-format-content","et_post_format-et-post-format-standard"],"_links":{"self":[{"href":"https:\/\/espiritualidade.carmelitas.pt\/boletim\/wp-json\/wp\/v2\/posts\/2908","targetHints":{"allow":["GET"]}}],"collection":[{"href":"https:\/\/espiritualidade.carmelitas.pt\/boletim\/wp-json\/wp\/v2\/posts"}],"about":[{"href":"https:\/\/espiritualidade.carmelitas.pt\/boletim\/wp-json\/wp\/v2\/types\/post"}],"author":[{"embeddable":true,"href":"https:\/\/espiritualidade.carmelitas.pt\/boletim\/wp-json\/wp\/v2\/users\/1"}],"replies":[{"embeddable":true,"href":"https:\/\/espiritualidade.carmelitas.pt\/boletim\/wp-json\/wp\/v2\/comments?post=2908"}],"version-history":[{"count":1,"href":"https:\/\/espiritualidade.carmelitas.pt\/boletim\/wp-json\/wp\/v2\/posts\/2908\/revisions"}],"predecessor-version":[{"id":2910,"href":"https:\/\/espiritualidade.carmelitas.pt\/boletim\/wp-json\/wp\/v2\/posts\/2908\/revisions\/2910"}],"wp:featuredmedia":[{"embeddable":true,"href":"https:\/\/espiritualidade.carmelitas.pt\/boletim\/wp-json\/wp\/v2\/media\/2909"}],"wp:attachment":[{"href":"https:\/\/espiritualidade.carmelitas.pt\/boletim\/wp-json\/wp\/v2\/media?parent=2908"}],"wp:term":[{"taxonomy":"category","embeddable":true,"href":"https:\/\/espiritualidade.carmelitas.pt\/boletim\/wp-json\/wp\/v2\/categories?post=2908"},{"taxonomy":"post_tag","embeddable":true,"href":"https:\/\/espiritualidade.carmelitas.pt\/boletim\/wp-json\/wp\/v2\/tags?post=2908"}],"curies":[{"name":"wp","href":"https:\/\/api.w.org\/{rel}","templated":true}]}}