{"id":2886,"date":"2021-11-30T11:55:56","date_gmt":"2021-11-30T11:55:56","guid":{"rendered":"https:\/\/espiritualidade.carmelitas.pt\/boletim\/?p=2886"},"modified":"2021-11-30T11:55:59","modified_gmt":"2021-11-30T11:55:59","slug":"10-anos-a-orar-com-os-misticos","status":"publish","type":"post","link":"https:\/\/espiritualidade.carmelitas.pt\/boletim\/10-anos-a-orar-com-os-misticos\/","title":{"rendered":"10 anos a Orar com os M\u00edsticos"},"content":{"rendered":"\n<p><\/p>\n\n\n\n<p>No dia 14 de dezembro de 2011, solenidade de S. Jo\u00e3o da Cruz, demos in\u00edcio a este projeto de \u00abOrar com os M\u00edsticos\u00bb, s\u00e3o 10 anos de ora\u00e7\u00f5es di\u00e1rias que nos visitam cada manh\u00e3 nos nossos emails e outros meios digitais. Inspirada nos santos carmelitas, esta ora\u00e7\u00e3o breve, mas cheia de beleza e profundidade, oferece-nos o pensamento espiritual de um mestre do Carmelo, uma ora\u00e7\u00e3o de louvor, agradecimento ou peti\u00e7\u00e3o, acompanhada de uma imagem que ilustra esta oferta di\u00e1ria.<br>Esta ora\u00e7\u00e3o di\u00e1ria tem em conta os tempos lit\u00fargicos de Advento, Natal, Quaresma, P\u00e1scoa, festas e solenidades da Virgem Maria e dos santos do Carmelo.<br>Este projeto \u00e9 pensado, rezado e realizado por um grupo de irm\u00e3s, leigos e frades da fam\u00edlia carmelita que, de forma discreta, d\u00e3o corpo a esta oferta orante a todo o povo de Deus.<br>Pode rezar com os m\u00edsticos acedendo a www.carmelitas.pt, mais concretamente a <a href=\"http:\/\/orar.carmelitas.pt\">www.orar.carmelitas.pt<\/a> mas o mais eficaz \u00e9 assinar a newsletter <a href=\"http:\/\/www.carmelitas.pt\/lists\/?p=subscribe&amp;id=1\">http:\/\/www.carmelitas.pt\/lists\/?p=subscribe&amp;id=1<\/a> e assim receber\u00e1 em cada dia esta visita orante. Rezemos para que possamos continuar a receber por muitos mais anos este subs\u00eddio para crescermos na amizade com Jesus. \uf320<\/p>\n","protected":false},"excerpt":{"rendered":"<p>No dia 14 de dezembro de 2011, solenidade de S. Jo\u00e3o da Cruz, demos in\u00edcio a este projeto de \u00abOrar com os M\u00edsticos\u00bb, s\u00e3o 10 anos de ora\u00e7\u00f5es di\u00e1rias que [&hellip;]<\/p>\n","protected":false},"author":1,"featured_media":2880,"comment_status":"closed","ping_status":"open","sticky":false,"template":"","format":"standard","meta":{"_et_pb_use_builder":"off","_et_pb_old_content":"","_et_gb_content_width":"","footnotes":""},"categories":[14],"tags":[],"class_list":["post-2886","post","type-post","status-publish","format-standard","has-post-thumbnail","hentry","category-oracao","et-has-post-format-content","et_post_format-et-post-format-standard"],"_links":{"self":[{"href":"https:\/\/espiritualidade.carmelitas.pt\/boletim\/wp-json\/wp\/v2\/posts\/2886","targetHints":{"allow":["GET"]}}],"collection":[{"href":"https:\/\/espiritualidade.carmelitas.pt\/boletim\/wp-json\/wp\/v2\/posts"}],"about":[{"href":"https:\/\/espiritualidade.carmelitas.pt\/boletim\/wp-json\/wp\/v2\/types\/post"}],"author":[{"embeddable":true,"href":"https:\/\/espiritualidade.carmelitas.pt\/boletim\/wp-json\/wp\/v2\/users\/1"}],"replies":[{"embeddable":true,"href":"https:\/\/espiritualidade.carmelitas.pt\/boletim\/wp-json\/wp\/v2\/comments?post=2886"}],"version-history":[{"count":1,"href":"https:\/\/espiritualidade.carmelitas.pt\/boletim\/wp-json\/wp\/v2\/posts\/2886\/revisions"}],"predecessor-version":[{"id":2887,"href":"https:\/\/espiritualidade.carmelitas.pt\/boletim\/wp-json\/wp\/v2\/posts\/2886\/revisions\/2887"}],"wp:featuredmedia":[{"embeddable":true,"href":"https:\/\/espiritualidade.carmelitas.pt\/boletim\/wp-json\/wp\/v2\/media\/2880"}],"wp:attachment":[{"href":"https:\/\/espiritualidade.carmelitas.pt\/boletim\/wp-json\/wp\/v2\/media?parent=2886"}],"wp:term":[{"taxonomy":"category","embeddable":true,"href":"https:\/\/espiritualidade.carmelitas.pt\/boletim\/wp-json\/wp\/v2\/categories?post=2886"},{"taxonomy":"post_tag","embeddable":true,"href":"https:\/\/espiritualidade.carmelitas.pt\/boletim\/wp-json\/wp\/v2\/tags?post=2886"}],"curies":[{"name":"wp","href":"https:\/\/api.w.org\/{rel}","templated":true}]}}