{"id":2883,"date":"2021-11-30T11:54:20","date_gmt":"2021-11-30T11:54:20","guid":{"rendered":"https:\/\/espiritualidade.carmelitas.pt\/boletim\/?p=2883"},"modified":"2021-11-30T11:54:22","modified_gmt":"2021-11-30T11:54:22","slug":"ver-novas-todas-as-coisas-em-cristo","status":"publish","type":"post","link":"https:\/\/espiritualidade.carmelitas.pt\/boletim\/ver-novas-todas-as-coisas-em-cristo\/","title":{"rendered":"Ver novas todas as coisas em Cristo"},"content":{"rendered":"\n<p><br>Sess\u00e3o de estudos de Espiritualidade Inaciana<\/p>\n\n\n\n<p><br>Os jesu\u00edtas est\u00e3o a organizar mais uma edi\u00e7\u00e3o da<a href=\"https:\/\/pontosj.pt\/seei\/\"> sess\u00e3o de estudos de Espiritualidade Inaciana (SEEI)<\/a>, encontro dedicado ao aprofundamento do caminho espiritual herdado de Santo In\u00e1cio de Loiola, que se vai realizar de 03 a 05 de dezembro, em F\u00e1tima. A iniciativa tem com tema \u201cVer novas todas as coisas em Cristo\u201d e o t\u00edtulo \u00e9 alusivo ao Ano Inaciano, que a Companhia de Jesus est\u00e1 a celebrar em todo o mundo, a prop\u00f3sito dos 500 anos da convers\u00e3o do seu fundador, Santo In\u00e1cio. <\/p>\n","protected":false},"excerpt":{"rendered":"<p>Sess\u00e3o de estudos de Espiritualidade Inaciana Os jesu\u00edtas est\u00e3o a organizar mais uma edi\u00e7\u00e3o da sess\u00e3o de estudos de Espiritualidade Inaciana (SEEI), encontro dedicado ao aprofundamento do caminho espiritual herdado [&hellip;]<\/p>\n","protected":false},"author":1,"featured_media":2884,"comment_status":"closed","ping_status":"open","sticky":false,"template":"","format":"standard","meta":{"_et_pb_use_builder":"off","_et_pb_old_content":"","_et_gb_content_width":"","footnotes":""},"categories":[1],"tags":[],"class_list":["post-2883","post","type-post","status-publish","format-standard","has-post-thumbnail","hentry","category-cursos","et-has-post-format-content","et_post_format-et-post-format-standard"],"_links":{"self":[{"href":"https:\/\/espiritualidade.carmelitas.pt\/boletim\/wp-json\/wp\/v2\/posts\/2883","targetHints":{"allow":["GET"]}}],"collection":[{"href":"https:\/\/espiritualidade.carmelitas.pt\/boletim\/wp-json\/wp\/v2\/posts"}],"about":[{"href":"https:\/\/espiritualidade.carmelitas.pt\/boletim\/wp-json\/wp\/v2\/types\/post"}],"author":[{"embeddable":true,"href":"https:\/\/espiritualidade.carmelitas.pt\/boletim\/wp-json\/wp\/v2\/users\/1"}],"replies":[{"embeddable":true,"href":"https:\/\/espiritualidade.carmelitas.pt\/boletim\/wp-json\/wp\/v2\/comments?post=2883"}],"version-history":[{"count":1,"href":"https:\/\/espiritualidade.carmelitas.pt\/boletim\/wp-json\/wp\/v2\/posts\/2883\/revisions"}],"predecessor-version":[{"id":2885,"href":"https:\/\/espiritualidade.carmelitas.pt\/boletim\/wp-json\/wp\/v2\/posts\/2883\/revisions\/2885"}],"wp:featuredmedia":[{"embeddable":true,"href":"https:\/\/espiritualidade.carmelitas.pt\/boletim\/wp-json\/wp\/v2\/media\/2884"}],"wp:attachment":[{"href":"https:\/\/espiritualidade.carmelitas.pt\/boletim\/wp-json\/wp\/v2\/media?parent=2883"}],"wp:term":[{"taxonomy":"category","embeddable":true,"href":"https:\/\/espiritualidade.carmelitas.pt\/boletim\/wp-json\/wp\/v2\/categories?post=2883"},{"taxonomy":"post_tag","embeddable":true,"href":"https:\/\/espiritualidade.carmelitas.pt\/boletim\/wp-json\/wp\/v2\/tags?post=2883"}],"curies":[{"name":"wp","href":"https:\/\/api.w.org\/{rel}","templated":true}]}}