{"id":2803,"date":"2021-08-31T02:12:00","date_gmt":"2021-08-31T02:12:00","guid":{"rendered":"https:\/\/espiritualidade.carmelitas.pt\/boletim\/?p=2803"},"modified":"2021-08-27T14:27:10","modified_gmt":"2021-08-27T14:27:10","slug":"formacao-avancada-em-teologia-pratica","status":"publish","type":"post","link":"https:\/\/espiritualidade.carmelitas.pt\/boletim\/formacao-avancada-em-teologia-pratica\/","title":{"rendered":"Forma\u00e7\u00e3o Avan\u00e7ada em Teologia Pr\u00e1tica"},"content":{"rendered":"\n<p><em>Inscri\u00e7\u00f5es de 1 a 10 de setembro<\/em><br>A Faculdade de Teologia, do Centro Regional do Porto, realiza, ao longo do ano acad\u00e9mico de 2021\/22, um curso de forma\u00e7\u00e3o avan\u00e7ada na \u00e1rea da <a href=\"https:\/\/ft.ucp.pt\/pt-pt\/noticias\/formacao-avancada-em-teologia-pratica-32051\">Teologia Pr\u00e1tica (Teologia Pastoral)<\/a>. Este curso constitui um contributo para a programa\u00e7\u00e3o do Ano Pastoral, realizado pelos Semin\u00e1rios e Casas de Forma\u00e7\u00e3o e uma oportunidade para a forma\u00e7\u00e3o permanente do clero e agentes de pastoral interessados em aprofundar os seus conhecimentos teol\u00f3gico-pastorais. Trata-se de um curso em regime h\u00edbrido (frequ\u00eancia por meios telem\u00e1ticos). O curso decorre de setembro de 2021 a julho de 2022. <\/p>\n","protected":false},"excerpt":{"rendered":"<p>Inscri\u00e7\u00f5es de 1 a 10 de setembroA Faculdade de Teologia, do Centro Regional do Porto, realiza, ao longo do ano acad\u00e9mico de 2021\/22, um curso de forma\u00e7\u00e3o avan\u00e7ada na \u00e1rea [&hellip;]<\/p>\n","protected":false},"author":1,"featured_media":2808,"comment_status":"closed","ping_status":"open","sticky":false,"template":"","format":"standard","meta":{"_et_pb_use_builder":"off","_et_pb_old_content":"","_et_gb_content_width":"","footnotes":""},"categories":[1],"tags":[],"class_list":["post-2803","post","type-post","status-publish","format-standard","has-post-thumbnail","hentry","category-cursos","et-has-post-format-content","et_post_format-et-post-format-standard"],"_links":{"self":[{"href":"https:\/\/espiritualidade.carmelitas.pt\/boletim\/wp-json\/wp\/v2\/posts\/2803","targetHints":{"allow":["GET"]}}],"collection":[{"href":"https:\/\/espiritualidade.carmelitas.pt\/boletim\/wp-json\/wp\/v2\/posts"}],"about":[{"href":"https:\/\/espiritualidade.carmelitas.pt\/boletim\/wp-json\/wp\/v2\/types\/post"}],"author":[{"embeddable":true,"href":"https:\/\/espiritualidade.carmelitas.pt\/boletim\/wp-json\/wp\/v2\/users\/1"}],"replies":[{"embeddable":true,"href":"https:\/\/espiritualidade.carmelitas.pt\/boletim\/wp-json\/wp\/v2\/comments?post=2803"}],"version-history":[{"count":1,"href":"https:\/\/espiritualidade.carmelitas.pt\/boletim\/wp-json\/wp\/v2\/posts\/2803\/revisions"}],"predecessor-version":[{"id":2809,"href":"https:\/\/espiritualidade.carmelitas.pt\/boletim\/wp-json\/wp\/v2\/posts\/2803\/revisions\/2809"}],"wp:featuredmedia":[{"embeddable":true,"href":"https:\/\/espiritualidade.carmelitas.pt\/boletim\/wp-json\/wp\/v2\/media\/2808"}],"wp:attachment":[{"href":"https:\/\/espiritualidade.carmelitas.pt\/boletim\/wp-json\/wp\/v2\/media?parent=2803"}],"wp:term":[{"taxonomy":"category","embeddable":true,"href":"https:\/\/espiritualidade.carmelitas.pt\/boletim\/wp-json\/wp\/v2\/categories?post=2803"},{"taxonomy":"post_tag","embeddable":true,"href":"https:\/\/espiritualidade.carmelitas.pt\/boletim\/wp-json\/wp\/v2\/tags?post=2803"}],"curies":[{"name":"wp","href":"https:\/\/api.w.org\/{rel}","templated":true}]}}