{"id":2795,"date":"2021-07-31T02:25:00","date_gmt":"2021-07-31T02:25:00","guid":{"rendered":"https:\/\/espiritualidade.carmelitas.pt\/boletim\/?p=2795"},"modified":"2021-07-30T13:13:57","modified_gmt":"2021-07-30T13:13:57","slug":"e-a-senhora-do-carmo-e-do-carmelo","status":"publish","type":"post","link":"https:\/\/espiritualidade.carmelitas.pt\/boletim\/e-a-senhora-do-carmo-e-do-carmelo\/","title":{"rendered":"\u00c9 a Senhora do Carmo e do Carmelo"},"content":{"rendered":"\n<p><\/p>\n\n\n\n<p><em>Frei Jo\u00e3o Costa, OCD<\/em><\/p>\n\n\n\n<p>1. Por estes dias meados de julho, estremecidos de cora\u00e7\u00e3o, volvemos para a Virgem do Carmo o nosso olhar de filial espanto e renovada gratid\u00e3o. Atrai-nos nela a terna candura da Mulher que, junto \u00e0 Cruz, Jesus nos deu por m\u00e3e, e a quem n\u00f3s, carmelitas, desde os primeiros dias do Monte Carmelo, chamamos tamb\u00e9m Senhora e Irm\u00e3. Com o seu Escapul\u00e1rio para n\u00f3s estendido, ela guia os passos da nossa f\u00e9, fortalece a nossa esperan\u00e7a e dilata o nosso amor.<\/p>\n\n\n\n<p>2. Quem \u00e9, pois, Aquela que corre para n\u00f3s mais ligeira que as nuvens do c\u00e9u? Quem \u00e9 essa Nuvem corajosa que n\u00e3o teme os ventos contr\u00e1rios, e nem nas altas montanhas nem nos profundos desfiladeiros encontra obst\u00e1culo capaz de a deter, at\u00e9 que o seu delicado cora\u00e7\u00e3o se achegue a quem dele ande urgido? Quem \u00e9 essa Nuvem Branca que se levanta sobre o horizonte escuro da humanidade, para se derramar em chuva suave sobre n\u00f3s? Quem \u00e9 essa Nuvem Gentil que se ergue sobre a imensid\u00e3o do mar salgado, sempre pronta a lavar-nos, purificar-nos e dessedentar-nos com a \u00e1gua l\u00edmpida e fresca da sua alma? Quem \u00e9 essa Nuvem fr\u00e1gil compadecida da nossa aridez, vinda ao nosso encontro para transformar os desertos das nossas almas num jardim tenro, um tapete de meigas verduras? Quem \u00e9 essa M\u00e3e cujo cora\u00e7\u00e3o voa incans\u00e1vel para o ber\u00e7o onde um filho chore? Quem \u00e9 esse cora\u00e7\u00e3o forte que antecipa todos os nossos sobressaltos?<\/p>\n\n\n\n<p>\u00c9 a Senhora do Carmo e do Carmelo, nossa irm\u00e3, m\u00e3e e modelo de peregrinos da f\u00e9!<\/p>\n\n\n\n<p>3. Quem \u00e9 essa jovem que jamais envelhece? Essa M\u00e3e a quem, pressurosas, acorrem as sucessivas gera\u00e7\u00f5es, at\u00e9 \u00e0 consuma\u00e7\u00e3o dos tempos? Essa M\u00e3e de bra\u00e7os fortes e colo fofo, onde, lado a lado com Jesus, podemos aconchegar-nos e secar as l\u00e1grimas depois da tempestade? Quem \u00e9 essa bendita Mulher, cujo Filho bendito a fez m\u00e3e dos filhos de Deus, desde a forma\u00e7\u00e3o dos puros lagos at\u00e9 ao derradeiro segundo em que o Anjo pronuncie o \u00faltimo Amen sobre a terra? Quem \u00e9 Essa c\u00e2ndida ternura, cujo olhar de miseric\u00f3rdia se abaixa sobre as dores, erros e alegrias de seus filhos e filhas? Essa M\u00e3e, cujo delicado b\u00e1lsamo de seu Filho verte copiosamente de seu cora\u00e7\u00e3o valente, inundando de serenidade as nossas feridas? Quem \u00e9 essa M\u00e3e, cujo sorriso nos traz \u00e0 lembran\u00e7a o doce nome de Jesus, sempre pronta e diligente a acorrer \u00e0s nossas trag\u00e9dias, trazendo-no-l\u2019O e mostrando-no-l\u2019O como sa\u00fade e salva\u00e7\u00e3o? Quem \u00e9 a Cheia de gra\u00e7a, cuja fulgurante maternidade se eleva como delicada aurora sobre as sentinelas da cidade?<\/p>\n\n\n\n<p>\u00c9 a Senhora do Carmo e do Carmelo, nossa irm\u00e3, m\u00e3e e modelo de peregrinos da esperan\u00e7a!<\/p>\n\n\n\n<p>4. Quem \u00e9 a Senhora da montanha de colinas verdejantes e arroios cantantes, que dela tomou o nome, os cora\u00e7\u00f5es e a dedica\u00e7\u00e3o dos que a habitam? Quem \u00e9 essa Senhora do Monte que se volveu Senhora do Mar? Essa cujos passos, ligeiros, desceram as colinas suaves, e sobre uma nuvem branca se apresenta \u00e0 nossa vida tormentosa? Quem \u00e9 essa Mulher cujo olhar serena as tempestades, acalma as vagas alterosas e, assumindo o leme, nos guia e ilumina o caminho? Quem \u00e9 Essa que n\u00e3o se assusta nem com as tormentas nem com o mar alteroso, nem com o ar brumoso nem com os elementos em turbilh\u00e3o? Essa que enfrenta a escurid\u00e3o da noite escura e a tempestade mais dura, quando sabe um de n\u00f3s em perigo? Quem \u00e9 a Estrela do mar, cujo profundo olhar amaina num segundo os medos do mundo, acompanha os nossos passos lassos e vela o nosso segredo?<\/p>\n\n\n\n<p>\u00c9 a Senhora do Carmo e do Carmelo, nossa irm\u00e3, m\u00e3e e modelo de peregrinos da caridade!<\/p>\n\n\n\n<p>5. Quem \u00e9 essa Menina em idade de colher margaridas, a quem um Anjo visitou e nela deixou a mais bela flor do c\u00e9u? Quem \u00e9 essa Menina que Jos\u00e9 amou com amor varonil, jovem e forte? Essa que o seu cora\u00e7\u00e3o desposou e jamais enjeitou, mesmo se sofreu tudo o que Nela n\u00e3o compreendeu?<\/p>\n\n\n\n<p>Quem \u00e9 Essa Menina, Mulher e M\u00e3e, que na escura cova de um monte, de noite nos deu a florida Luz do mundo? Essa Aurora luminosa e pura, a cujo seio Deus confiou a Luz que nos iluminar\u00e1 os caminhos da montanha? Quem \u00e9 essa M\u00e3e-menina que nos deu um beb\u00e9 envolvido em paninhos e no-l\u2019O mostrou deitado numa manjedoira de animais? Essa Menina-m\u00e3e a quem Deus confiou o Filho e que, de m\u00e3o dada com Jos\u00e9, O alimentou, defendeu, educou e ajudou a crescer como homem? Essa M\u00e3e sapiente de ter seu Deus e Senhor em casa, num ber\u00e7o, e que O embala ao colo, e O v\u00ea e segue, gatinhando, pela cozinha, e dormindo como um menino, e que tal como os demais tamb\u00e9m suja as fraldas?<\/p>\n\n\n\n<p>Quem \u00e9 Essa que se inquieta se o choro do Filho n\u00e3o se acalma e, se alegre, o come de beijos? Quem \u00e9 Essa cujas m\u00e3os embalaram a Deus, Lhe aconchegaram o cobertor nos ombros e Lhe teceram a t\u00fanica incons\u00fatil? Quem \u00e9 Essa mulher forte vestida de alvura, cujo cora\u00e7\u00e3o de ternura v\u00ea no sofrido cora\u00e7\u00e3o de cada um dos seus irm\u00e3os um outro Jesus e para eles se mostra sempre pronta a socorr\u00ea-los, e na suavidade do seu amor, a n\u00f3s carmelitas, nos trouxe o paninho com o qual nos aconchega e envolve com amor de M\u00e3e?<\/p>\n\n\n\n<p>\u00c9 a Senhora do Carmo e do Carmelo que, ligeira, voando sobre uma nuvem, pendente, nos traz o Escapul\u00e1rio com que nos aconchega e defende!<\/p>\n","protected":false},"excerpt":{"rendered":"<p>Frei Jo\u00e3o Costa, OCD 1. Por estes dias meados de julho, estremecidos de cora\u00e7\u00e3o, volvemos para a Virgem do Carmo o nosso olhar de filial espanto e renovada gratid\u00e3o. Atrai-nos [&hellip;]<\/p>\n","protected":false},"author":1,"featured_media":2796,"comment_status":"closed","ping_status":"open","sticky":false,"template":"","format":"standard","meta":{"_et_pb_use_builder":"off","_et_pb_old_content":"","_et_gb_content_width":"","footnotes":""},"categories":[4],"tags":[],"class_list":["post-2795","post","type-post","status-publish","format-standard","has-post-thumbnail","hentry","category-artigos","et-has-post-format-content","et_post_format-et-post-format-standard"],"_links":{"self":[{"href":"https:\/\/espiritualidade.carmelitas.pt\/boletim\/wp-json\/wp\/v2\/posts\/2795","targetHints":{"allow":["GET"]}}],"collection":[{"href":"https:\/\/espiritualidade.carmelitas.pt\/boletim\/wp-json\/wp\/v2\/posts"}],"about":[{"href":"https:\/\/espiritualidade.carmelitas.pt\/boletim\/wp-json\/wp\/v2\/types\/post"}],"author":[{"embeddable":true,"href":"https:\/\/espiritualidade.carmelitas.pt\/boletim\/wp-json\/wp\/v2\/users\/1"}],"replies":[{"embeddable":true,"href":"https:\/\/espiritualidade.carmelitas.pt\/boletim\/wp-json\/wp\/v2\/comments?post=2795"}],"version-history":[{"count":1,"href":"https:\/\/espiritualidade.carmelitas.pt\/boletim\/wp-json\/wp\/v2\/posts\/2795\/revisions"}],"predecessor-version":[{"id":2797,"href":"https:\/\/espiritualidade.carmelitas.pt\/boletim\/wp-json\/wp\/v2\/posts\/2795\/revisions\/2797"}],"wp:featuredmedia":[{"embeddable":true,"href":"https:\/\/espiritualidade.carmelitas.pt\/boletim\/wp-json\/wp\/v2\/media\/2796"}],"wp:attachment":[{"href":"https:\/\/espiritualidade.carmelitas.pt\/boletim\/wp-json\/wp\/v2\/media?parent=2795"}],"wp:term":[{"taxonomy":"category","embeddable":true,"href":"https:\/\/espiritualidade.carmelitas.pt\/boletim\/wp-json\/wp\/v2\/categories?post=2795"},{"taxonomy":"post_tag","embeddable":true,"href":"https:\/\/espiritualidade.carmelitas.pt\/boletim\/wp-json\/wp\/v2\/tags?post=2795"}],"curies":[{"name":"wp","href":"https:\/\/api.w.org\/{rel}","templated":true}]}}