{"id":2787,"date":"2021-07-31T02:15:00","date_gmt":"2021-07-31T02:15:00","guid":{"rendered":"https:\/\/espiritualidade.carmelitas.pt\/boletim\/?p=2787"},"modified":"2021-07-30T13:08:09","modified_gmt":"2021-07-30T13:08:09","slug":"projeto-sete-2021","status":"publish","type":"post","link":"https:\/\/espiritualidade.carmelitas.pt\/boletim\/projeto-sete-2021\/","title":{"rendered":"Projeto SETE 2021"},"content":{"rendered":"\n<p><em>Imers\u00e3o de voluntariado jovem<\/em><\/p>\n\n\n\n<p>Pelo quarto ano consecutivo, o <a href=\"https:\/\/www.fatima.pt\/pt\/news\/projeto-sete-vai-proporcionar-uma-experiencia-de-imersao-de-voluntariado-com-momentos-de-oracao-e-servico-aos-peregrinos-2021-07-14\">Santu\u00e1rio de F\u00e1tima<\/a> vai promover o Projeto SETE, que visa proporcionar aos jovens uma experi\u00eancia de imers\u00e3o de voluntariado nos seus espa\u00e7os, com momentos de ora\u00e7\u00e3o e servi\u00e7o aos peregrinos. Este ano, os jovens com idades entre os 18 e os 25 anos, ser\u00e3o distribu\u00eddos em dois turnos, de 3 e 8 e de 10 e 15 de agosto. Cada grupo poder\u00e1 ter no m\u00e1ximo dez jovens, que ao longo de seis dias, e sempre acompanhados por elementos do Santu\u00e1rio, v\u00e3o integrar tarefas de acolhimento direto, mas tamb\u00e9m algumas lides de prepara\u00e7\u00e3o para o acolhimento e outros trabalhos de cariz interno. \uf320<\/p>\n","protected":false},"excerpt":{"rendered":"<p>Imers\u00e3o de voluntariado jovem Pelo quarto ano consecutivo, o Santu\u00e1rio de F\u00e1tima vai promover o Projeto SETE, que visa proporcionar aos jovens uma experi\u00eancia de imers\u00e3o de voluntariado nos seus [&hellip;]<\/p>\n","protected":false},"author":1,"featured_media":2788,"comment_status":"closed","ping_status":"open","sticky":false,"template":"","format":"standard","meta":{"_et_pb_use_builder":"off","_et_pb_old_content":"","_et_gb_content_width":"","footnotes":""},"categories":[17],"tags":[],"class_list":["post-2787","post","type-post","status-publish","format-standard","has-post-thumbnail","hentry","category-jovens","et-has-post-format-content","et_post_format-et-post-format-standard"],"_links":{"self":[{"href":"https:\/\/espiritualidade.carmelitas.pt\/boletim\/wp-json\/wp\/v2\/posts\/2787","targetHints":{"allow":["GET"]}}],"collection":[{"href":"https:\/\/espiritualidade.carmelitas.pt\/boletim\/wp-json\/wp\/v2\/posts"}],"about":[{"href":"https:\/\/espiritualidade.carmelitas.pt\/boletim\/wp-json\/wp\/v2\/types\/post"}],"author":[{"embeddable":true,"href":"https:\/\/espiritualidade.carmelitas.pt\/boletim\/wp-json\/wp\/v2\/users\/1"}],"replies":[{"embeddable":true,"href":"https:\/\/espiritualidade.carmelitas.pt\/boletim\/wp-json\/wp\/v2\/comments?post=2787"}],"version-history":[{"count":1,"href":"https:\/\/espiritualidade.carmelitas.pt\/boletim\/wp-json\/wp\/v2\/posts\/2787\/revisions"}],"predecessor-version":[{"id":2789,"href":"https:\/\/espiritualidade.carmelitas.pt\/boletim\/wp-json\/wp\/v2\/posts\/2787\/revisions\/2789"}],"wp:featuredmedia":[{"embeddable":true,"href":"https:\/\/espiritualidade.carmelitas.pt\/boletim\/wp-json\/wp\/v2\/media\/2788"}],"wp:attachment":[{"href":"https:\/\/espiritualidade.carmelitas.pt\/boletim\/wp-json\/wp\/v2\/media?parent=2787"}],"wp:term":[{"taxonomy":"category","embeddable":true,"href":"https:\/\/espiritualidade.carmelitas.pt\/boletim\/wp-json\/wp\/v2\/categories?post=2787"},{"taxonomy":"post_tag","embeddable":true,"href":"https:\/\/espiritualidade.carmelitas.pt\/boletim\/wp-json\/wp\/v2\/tags?post=2787"}],"curies":[{"name":"wp","href":"https:\/\/api.w.org\/{rel}","templated":true}]}}