{"id":2784,"date":"2021-07-30T13:06:09","date_gmt":"2021-07-30T13:06:09","guid":{"rendered":"https:\/\/espiritualidade.carmelitas.pt\/boletim\/?p=2784"},"modified":"2021-07-30T13:06:12","modified_gmt":"2021-07-30T13:06:12","slug":"retiro-para-sacerdotes","status":"publish","type":"post","link":"https:\/\/espiritualidade.carmelitas.pt\/boletim\/retiro-para-sacerdotes\/","title":{"rendered":"Retiro para Sacerdotes"},"content":{"rendered":"\n<p><em>Orientado por Armindo Vaz, ocd<\/em><br><\/p>\n\n\n\n<p>O<a href=\"http:\/\/avessadas.carmelitas.pt\/\"> Centro de Espiritualidade dos Padres Carmelitas Descal\u00e7os<\/a>, em Avessadas (Marco de Canaveses), vai promover a realiza\u00e7\u00e3o de um retiro direcionado para sacerdotes. Sob orienta\u00e7\u00e3o do Pe. Armindo Vaz, de 30 de agosto a 3 de setembro, o professor de Sagrada Escritura ir\u00e1 abordar os principais n\u00facleos teol\u00f3gicos e espirituais do evangelista, cujo texto nos acompanhar\u00e1 no pr\u00f3ximo ano pastoral. As inscri\u00e7\u00f5es dever\u00e3o ser enviadas para ce@carmelitas.pt. O pre\u00e7o de inscri\u00e7\u00e3o \u00e9 de 30 Euros. Para mais informa\u00e7\u00f5es tamb\u00e9m pode contatar a organiza\u00e7\u00e3o atrav\u00e9s do telefone: 255 538 150. \uf320<\/p>\n","protected":false},"excerpt":{"rendered":"<p>Orientado por Armindo Vaz, ocd O Centro de Espiritualidade dos Padres Carmelitas Descal\u00e7os, em Avessadas (Marco de Canaveses), vai promover a realiza\u00e7\u00e3o de um retiro direcionado para sacerdotes. Sob orienta\u00e7\u00e3o [&hellip;]<\/p>\n","protected":false},"author":1,"featured_media":2785,"comment_status":"closed","ping_status":"open","sticky":false,"template":"","format":"standard","meta":{"_et_pb_use_builder":"off","_et_pb_old_content":"","_et_gb_content_width":"","footnotes":""},"categories":[36],"tags":[],"class_list":["post-2784","post","type-post","status-publish","format-standard","has-post-thumbnail","hentry","category-retiro","et-has-post-format-content","et_post_format-et-post-format-standard"],"_links":{"self":[{"href":"https:\/\/espiritualidade.carmelitas.pt\/boletim\/wp-json\/wp\/v2\/posts\/2784","targetHints":{"allow":["GET"]}}],"collection":[{"href":"https:\/\/espiritualidade.carmelitas.pt\/boletim\/wp-json\/wp\/v2\/posts"}],"about":[{"href":"https:\/\/espiritualidade.carmelitas.pt\/boletim\/wp-json\/wp\/v2\/types\/post"}],"author":[{"embeddable":true,"href":"https:\/\/espiritualidade.carmelitas.pt\/boletim\/wp-json\/wp\/v2\/users\/1"}],"replies":[{"embeddable":true,"href":"https:\/\/espiritualidade.carmelitas.pt\/boletim\/wp-json\/wp\/v2\/comments?post=2784"}],"version-history":[{"count":1,"href":"https:\/\/espiritualidade.carmelitas.pt\/boletim\/wp-json\/wp\/v2\/posts\/2784\/revisions"}],"predecessor-version":[{"id":2786,"href":"https:\/\/espiritualidade.carmelitas.pt\/boletim\/wp-json\/wp\/v2\/posts\/2784\/revisions\/2786"}],"wp:featuredmedia":[{"embeddable":true,"href":"https:\/\/espiritualidade.carmelitas.pt\/boletim\/wp-json\/wp\/v2\/media\/2785"}],"wp:attachment":[{"href":"https:\/\/espiritualidade.carmelitas.pt\/boletim\/wp-json\/wp\/v2\/media?parent=2784"}],"wp:term":[{"taxonomy":"category","embeddable":true,"href":"https:\/\/espiritualidade.carmelitas.pt\/boletim\/wp-json\/wp\/v2\/categories?post=2784"},{"taxonomy":"post_tag","embeddable":true,"href":"https:\/\/espiritualidade.carmelitas.pt\/boletim\/wp-json\/wp\/v2\/tags?post=2784"}],"curies":[{"name":"wp","href":"https:\/\/api.w.org\/{rel}","templated":true}]}}