{"id":2771,"date":"2021-06-30T02:16:00","date_gmt":"2021-06-30T02:16:00","guid":{"rendered":"https:\/\/espiritualidade.carmelitas.pt\/boletim\/?p=2771"},"modified":"2021-06-28T13:05:18","modified_gmt":"2021-06-28T13:05:18","slug":"o-nosso-deus-tem-coracao","status":"publish","type":"post","link":"https:\/\/espiritualidade.carmelitas.pt\/boletim\/o-nosso-deus-tem-coracao\/","title":{"rendered":"O nosso deus tem cora\u00e7\u00e3o!"},"content":{"rendered":"\n<p><em>Frei Jo\u00e3o Costa, OCD<\/em><\/p>\n\n\n\n<p>1. Depois da festa do Corpo de Deus celebramos a do Cora\u00e7\u00e3o de Jesus. Em \u00e9pocas anteriores \u00e0 nossa a devo\u00e7\u00e3o ao Sagrado Cora\u00e7\u00e3o de Jesus foi de grande intensidade e com profundas marcas de gratid\u00e3o no cora\u00e7\u00e3o do povo cat\u00f3lico!<\/p>\n\n\n\n<p>Devotar-se significa dedicar-se ou entregar-se apaixonadamente a algo ou algu\u00e9m; esse algo pode ser uma profiss\u00e3o ou um hobby; mas, normalmente, usa-se para dizer a afei\u00e7\u00e3o ou dedica\u00e7\u00e3o intensa a algu\u00e9m, Deus ou um santo. Tal dedica\u00e7\u00e3o deve levar a imitar o devotado, o que, no caso, em tempos n\u00e3o muito recuados, levou a que a devo\u00e7\u00e3o ao Sagrado Cora\u00e7\u00e3o de Jesus fosse apreciada e cultivada na Igreja com profundos sentimentos de ternura e com a consci\u00eancia de que o Amor nunca \u00e9 verdadeiramente amado, nem mesmo pelos seus amigos.<\/p>\n\n\n\n<p>2. De duas em duas semanas cabe-me erguer mais cedo da cama e abrir a porta da minha igreja. Foi o caso da semana finda. Num destes dias abri, pois, a porta como sempre fa\u00e7o: com o sentimento de que n\u00e3o passo de um servo que, pontualmente, a deve abrir a seus senhores que est\u00e3o prestes a chegar e logo querem entrar em sua casa. Assim foi, mais uma vez, nesse dia; s\u00f3 que o fiz um bom par de minutos antes do habitual, isto \u00e9, muito antes das 07:00 da manh\u00e3! E n\u00e3o \u00e9 que, ao abri-la, j\u00e1 ali se encontrava um dos meus mais habituais amos, de samarra pelas costas e bengala na m\u00e3o? Pois \u00e9. Saudei-o na gra\u00e7a de Deus e cumprimentei-o delicadamente, apesar de, no momento, lhe n\u00e3o lembrar o nome, apenas o andar tr\u00f4pego, a pronunciada curvatura das costas, a gaguez e o olhar cansado.<\/p>\n\n\n\n<p>(Lembro-me bem que estava de camisa, pois dei comigo a estremecer e a dizer de mim para mim: como est\u00e1 fresca a manh\u00e3!&#8230;)<\/p>\n\n\n\n<p>Ia, por isso, j\u00e1 a esgueirar-me, quando o homem me diz: <em>\u00abO Senhor Padre n\u00e3o era capaz de me confessar?\u00bb<\/em>. L\u00e1 estranhar, estranhei. E at\u00e9 tinha mil argumentos v\u00e1lidos para me negar, mas o homem logo acrescentou: <em>\u00abPode ser aqui mesmo!\u00bb<\/em>. Foi, pois, ali mesmo. At\u00e9 \u00e0s 07:00 ningu\u00e9m se achegou pelo que, foi ali, de p\u00e9, e diante do sofrido olhar do Senhor da Cana Verde que o confessei. Terminado o confesso, torna-me ele, talvez at\u00e9 com alguma ironia: <em>\u00abOlhe, vamos para dentro que junto do sacr\u00e1rio est\u00e1 mais quentinho!\u00bb<\/em>.<\/p>\n\n\n\n<p>E estava, por isso, entrei, entramos, sem demora.<\/p>\n\n\n\n<p>3. Ainda hoje n\u00e3o me sai da cabe\u00e7a aquela frase trivial: <em>\u00abJunto do sacr\u00e1rio est\u00e1 mais quentinho!\u00bb<\/em>. L\u00e1 fora, \u00e0s primeiras horas do dia, quando ainda a cidade mal despertara, estava frio; ainda a agita\u00e7\u00e3o do dia mal come\u00e7ara, sim, e j\u00e1 a cidade se apresentava fria, repensei comigo. E n\u00e3o, n\u00e3o era s\u00f3 o frio da madrugada, que n\u00e3o \u00e9 esse o que mais me custa e mais me d\u00f3i, mas aquele que sobe e se espalha desde os cora\u00e7\u00f5es apressados e indiferentes, das bocas arrogantes e maldizentes, dos olhares furtivos e evitantes.<\/p>\n\n\n\n<p>4. Como tanto anda frio o nosso mundo!<\/p>\n\n\n\n<p>5. E como tanto andam frios os cora\u00e7\u00f5es!<\/p>\n\n\n\n<p>Sim, sim, l\u00e1 fora faz muito frio; e j\u00e1 nem os cora\u00e7\u00f5es amigos s\u00e3o calorosos e amigos, tantos s\u00e3o os que facilmente se desamigam no FB (e n\u00e3o s\u00f3) porque, afinal, se n\u00e3o conhecem nem se estimam nem se sofrem de lado algum. E alguns que at\u00e9 se conhecem e se devotam, ferram-se e mordem-se como quem afiambra um bocado de p\u00e3o faminto!<\/p>\n\n\n\n<p>Como tanto por a\u00ed vai enregelado o mundo! Como dou raz\u00e3o ao velhote: <em>\u00abSenhor padre, junto do sacr\u00e1rio est\u00e1 quentinho, l\u00e1 \u00e9 que estamos bem!\u00bb<\/em>. Como lhe dou raz\u00e3o&#8230;<\/p>\n\n\n\n<p>6. Quando se quer dizer que algu\u00e9m \u00e9 bom e nobre, dizemos: Tal pessoa tem cora\u00e7\u00e3o. E isso \u00e9 verdade. Tamb\u00e9m \u00e9 verdade que pessoas existem que parecem ter nascido para serem pac\u00edficas, bondosas, sol\u00edcitas, ternas, consoladoras; tal como existem as que s\u00e3o bem \u00e1cidas e agres, talvez por, desde que nasceram, serem compelidas a cruzar a vida chupando lim\u00f5es, n\u00e3o sei.<\/p>\n\n\n\n<p>(E h\u00e1 as que est\u00e3o em patamares interm\u00e9dios, claro&#8230;)<\/p>\n\n\n\n<p>Ora, se existem pessoas boas, de cora\u00e7\u00e3o bom, terno e doce, como mais bom, mais terno e mais doce deve ser o do nosso Deus, que \u00e9 a fonte de calor e de amor, de ternura e de bondade! Como Deus \u00e9 bom! E qu\u00e3o gentil, manso e terno \u00e9 o Seu cora\u00e7\u00e3o!<\/p>\n\n\n\n<p>7. Sim, Deus tem cora\u00e7\u00e3o, sim. O nosso Deus tem cora\u00e7\u00e3o! Deus tem cora\u00e7\u00e3o, sim!<\/p>\n\n\n\n<p>Deus tem cora\u00e7\u00e3o e eu gostaria de ter um cora\u00e7\u00e3o capaz do Cora\u00e7\u00e3o de Jesus, porque o Amor bem merece ser amado!<\/p>\n\n\n\n<p>Por isso, ao Deus de cora\u00e7\u00e3o, vou pedir-lhe um cora\u00e7\u00e3o imenso como o mar, para o amar!<\/p>\n\n\n\n<p>Vou pedir-lhe um cora\u00e7\u00e3o ardente como uma fogueira, onde todos, sem distin\u00e7\u00e3o, encontrem um aconchego sereno e gentil, pac\u00edfico e quentinho.<\/p>\n\n\n\n<p>Vou pedir-lhe um cora\u00e7\u00e3o que chore com os que choram, que sofra com os que sofrem, que se alegre com os que se alegram, que espere com os que esperam, que acenda uma luz no desespero da noite, que ache os que se perderam no nevoeiro, que perdoe os que rasgaram cora\u00e7\u00f5es.<\/p>\n\n\n\n<p>Vou pedir-lhe um cora\u00e7\u00e3o manso, um cora\u00e7\u00e3o forte, um cora\u00e7\u00e3o audaz e grato.<\/p>\n\n\n\n<p>Vou pedir-lhe um cora\u00e7\u00e3o capaz de incendiar os desanimados, sens\u00edvel e consolador, com um paninho de linho alvo para enxugar as l\u00e1grimas arrependidas e as imerecidas.<\/p>\n\n\n\n<p>Ao Cora\u00e7\u00e3o de Jesus vou sempre pedir-lhe que o meu cora\u00e7\u00e3o seja cora\u00e7\u00e3o doce, suave e manso como o Dele!<\/p>\n","protected":false},"excerpt":{"rendered":"<p>Frei Jo\u00e3o Costa, OCD 1. Depois da festa do Corpo de Deus celebramos a do Cora\u00e7\u00e3o de Jesus. Em \u00e9pocas anteriores \u00e0 nossa a devo\u00e7\u00e3o ao Sagrado Cora\u00e7\u00e3o de Jesus [&hellip;]<\/p>\n","protected":false},"author":1,"featured_media":2769,"comment_status":"closed","ping_status":"open","sticky":false,"template":"","format":"standard","meta":{"_et_pb_use_builder":"off","_et_pb_old_content":"","_et_gb_content_width":"","footnotes":""},"categories":[4],"tags":[],"class_list":["post-2771","post","type-post","status-publish","format-standard","has-post-thumbnail","hentry","category-artigos","et-has-post-format-content","et_post_format-et-post-format-standard"],"_links":{"self":[{"href":"https:\/\/espiritualidade.carmelitas.pt\/boletim\/wp-json\/wp\/v2\/posts\/2771","targetHints":{"allow":["GET"]}}],"collection":[{"href":"https:\/\/espiritualidade.carmelitas.pt\/boletim\/wp-json\/wp\/v2\/posts"}],"about":[{"href":"https:\/\/espiritualidade.carmelitas.pt\/boletim\/wp-json\/wp\/v2\/types\/post"}],"author":[{"embeddable":true,"href":"https:\/\/espiritualidade.carmelitas.pt\/boletim\/wp-json\/wp\/v2\/users\/1"}],"replies":[{"embeddable":true,"href":"https:\/\/espiritualidade.carmelitas.pt\/boletim\/wp-json\/wp\/v2\/comments?post=2771"}],"version-history":[{"count":1,"href":"https:\/\/espiritualidade.carmelitas.pt\/boletim\/wp-json\/wp\/v2\/posts\/2771\/revisions"}],"predecessor-version":[{"id":2772,"href":"https:\/\/espiritualidade.carmelitas.pt\/boletim\/wp-json\/wp\/v2\/posts\/2771\/revisions\/2772"}],"wp:featuredmedia":[{"embeddable":true,"href":"https:\/\/espiritualidade.carmelitas.pt\/boletim\/wp-json\/wp\/v2\/media\/2769"}],"wp:attachment":[{"href":"https:\/\/espiritualidade.carmelitas.pt\/boletim\/wp-json\/wp\/v2\/media?parent=2771"}],"wp:term":[{"taxonomy":"category","embeddable":true,"href":"https:\/\/espiritualidade.carmelitas.pt\/boletim\/wp-json\/wp\/v2\/categories?post=2771"},{"taxonomy":"post_tag","embeddable":true,"href":"https:\/\/espiritualidade.carmelitas.pt\/boletim\/wp-json\/wp\/v2\/tags?post=2771"}],"curies":[{"name":"wp","href":"https:\/\/api.w.org\/{rel}","templated":true}]}}