{"id":2766,"date":"2021-06-30T02:15:00","date_gmt":"2021-06-30T02:15:00","guid":{"rendered":"https:\/\/espiritualidade.carmelitas.pt\/boletim\/?p=2766"},"modified":"2021-06-28T13:04:10","modified_gmt":"2021-06-28T13:04:10","slug":"vivemos-de-sonhos-feitos-realidade","status":"publish","type":"post","link":"https:\/\/espiritualidade.carmelitas.pt\/boletim\/vivemos-de-sonhos-feitos-realidade\/","title":{"rendered":"Vivemos de sonhos feitos realidade"},"content":{"rendered":"\n<p><em>400 anos do Carmo de Viana do Castelo<\/em><br>Toda a fam\u00edlia tem a sua hist\u00f3ria e n\u00f3s, Ordem dos Carmelitas Descal\u00e7os, em <a href=\"http:\/\/viana.carmelitas.pt\/\">Viana do Castelo<\/a>, n\u00e3o somos exce\u00e7\u00e3o. No dia 16 de julho deste ano 2021 ocorrem os quatrocentos anos do in\u00edcio da consolida\u00e7\u00e3o da presen\u00e7a dos Carmelitas Descal\u00e7os, em Viana do Castelo, dia e ano do lan\u00e7amento da primeira pedra do Convento de Nossa Senhora do Carmo. Neste ano tamb\u00e9m recordamos e celebramos os setenta anos de outro sonho: o in\u00edcio da constru\u00e7\u00e3o do Semin\u00e1rio Mission\u00e1rio Carmelitano, ocorrido em mar\u00e7o de 1951.<br>As efem\u00e9rides convidam-nos a rever o passado e a prestar sentida homenagem a todos aqueles que nos precederam nesta hist\u00f3ria e que sucumbiram no caminho, como laboriosos oper\u00e1rios destas obras que, apesar das incertezas que passaram, lograram, nesta cidade do Alto Minho, levar a porto seguro estes sonhos.<\/p>\n","protected":false},"excerpt":{"rendered":"<p>400 anos do Carmo de Viana do CasteloToda a fam\u00edlia tem a sua hist\u00f3ria e n\u00f3s, Ordem dos Carmelitas Descal\u00e7os, em Viana do Castelo, n\u00e3o somos exce\u00e7\u00e3o. No dia 16 [&hellip;]<\/p>\n","protected":false},"author":1,"featured_media":2768,"comment_status":"closed","ping_status":"open","sticky":false,"template":"","format":"standard","meta":{"_et_pb_use_builder":"off","_et_pb_old_content":"","_et_gb_content_width":"","footnotes":""},"categories":[13],"tags":[],"class_list":["post-2766","post","type-post","status-publish","format-standard","has-post-thumbnail","hentry","category-divulgacao","et-has-post-format-content","et_post_format-et-post-format-standard"],"_links":{"self":[{"href":"https:\/\/espiritualidade.carmelitas.pt\/boletim\/wp-json\/wp\/v2\/posts\/2766","targetHints":{"allow":["GET"]}}],"collection":[{"href":"https:\/\/espiritualidade.carmelitas.pt\/boletim\/wp-json\/wp\/v2\/posts"}],"about":[{"href":"https:\/\/espiritualidade.carmelitas.pt\/boletim\/wp-json\/wp\/v2\/types\/post"}],"author":[{"embeddable":true,"href":"https:\/\/espiritualidade.carmelitas.pt\/boletim\/wp-json\/wp\/v2\/users\/1"}],"replies":[{"embeddable":true,"href":"https:\/\/espiritualidade.carmelitas.pt\/boletim\/wp-json\/wp\/v2\/comments?post=2766"}],"version-history":[{"count":1,"href":"https:\/\/espiritualidade.carmelitas.pt\/boletim\/wp-json\/wp\/v2\/posts\/2766\/revisions"}],"predecessor-version":[{"id":2770,"href":"https:\/\/espiritualidade.carmelitas.pt\/boletim\/wp-json\/wp\/v2\/posts\/2766\/revisions\/2770"}],"wp:featuredmedia":[{"embeddable":true,"href":"https:\/\/espiritualidade.carmelitas.pt\/boletim\/wp-json\/wp\/v2\/media\/2768"}],"wp:attachment":[{"href":"https:\/\/espiritualidade.carmelitas.pt\/boletim\/wp-json\/wp\/v2\/media?parent=2766"}],"wp:term":[{"taxonomy":"category","embeddable":true,"href":"https:\/\/espiritualidade.carmelitas.pt\/boletim\/wp-json\/wp\/v2\/categories?post=2766"},{"taxonomy":"post_tag","embeddable":true,"href":"https:\/\/espiritualidade.carmelitas.pt\/boletim\/wp-json\/wp\/v2\/tags?post=2766"}],"curies":[{"name":"wp","href":"https:\/\/api.w.org\/{rel}","templated":true}]}}