{"id":2743,"date":"2021-05-31T02:16:00","date_gmt":"2021-05-31T02:16:00","guid":{"rendered":"https:\/\/espiritualidade.carmelitas.pt\/boletim\/?p=2743"},"modified":"2021-05-26T14:25:26","modified_gmt":"2021-05-26T14:25:26","slug":"religiao-moral","status":"publish","type":"post","link":"https:\/\/espiritualidade.carmelitas.pt\/boletim\/religiao-moral\/","title":{"rendered":"Religi\u00e3o Moral"},"content":{"rendered":"\n<p><br><em>Forma\u00e7\u00e3o<\/em><\/p>\n\n\n\n<p>A <a href=\"https:\/\/ft.ucp.pt\/pt-pt\/noticias\/formacao-disciplina-emrc-e-educacao-em-valores-29726\">Faculdade de Teologia,\u00a0em parceria com o Secretariado Nacional da Educa\u00e7\u00e3o Crist\u00e3<\/a> e com os Secretariados Diocesanos de Educa\u00e7\u00e3o Crist\u00e3 das dioceses de Porto, Vila Real e Aveiro, est\u00e1 a promover um curso de forma\u00e7\u00e3o cont\u00ednua de professores subordinado ao tema \u00a0<strong><a href=\"https:\/\/ft.ucp.pt\/pt-pt\/formacao-nao-conferente-de-grau\/formacao-online\/programas-e-learning\/formacao-continua-de-professores\/disciplina-emrc-e-educacao-em-valores\">\u00abA disciplina EMRC e a Educa\u00e7\u00e3o em Valores\u00bb<\/a>.<\/strong><\/p>\n\n\n\n<p>A forma\u00e7\u00e3o, que se ir\u00e1 realizar em&nbsp;<strong>regime b-Learning<\/strong>&nbsp;e que ter\u00e1 in\u00edcio a&nbsp;<strong>22 de maio,<\/strong>&nbsp;destina-se a&nbsp;<strong>professores do Grupo 290<\/strong>&nbsp;e tem como principais objectivos: descobrir os fundamentos e metodologias das correntes mais comuns sobre a Educa\u00e7\u00e3o em Valores; Confrontar os modelos de Educa\u00e7\u00e3o em Valores com a intencionalidade educativa petente no curr\u00edculo de EMRC; Construir compet\u00eancias que permitam contextualizar uma Educa\u00e7\u00e3o em Valores, em contextos de liberdade;<br>Analisar Unidades Letivas do Programa de EMRC por forma a desocultar o(s) modelo(s) de Educa\u00e7\u00e3o em Valores a\u00ed vertido(s).<\/p>\n\n\n\n<p>A A\u00e7\u00e3o releva para efeitos de progress\u00e3o em carreira e a participa\u00e7\u00e3o carece de inscri\u00e7\u00e3o online obrigat\u00f3ria.<\/p>\n","protected":false},"excerpt":{"rendered":"<p>Forma\u00e7\u00e3o A Faculdade de Teologia,\u00a0em parceria com o Secretariado Nacional da Educa\u00e7\u00e3o Crist\u00e3 e com os Secretariados Diocesanos de Educa\u00e7\u00e3o Crist\u00e3 das dioceses de Porto, Vila Real e Aveiro, est\u00e1 [&hellip;]<\/p>\n","protected":false},"author":1,"featured_media":2738,"comment_status":"closed","ping_status":"open","sticky":false,"template":"","format":"standard","meta":{"_et_pb_use_builder":"off","_et_pb_old_content":"","_et_gb_content_width":"","footnotes":""},"categories":[13],"tags":[],"class_list":["post-2743","post","type-post","status-publish","format-standard","has-post-thumbnail","hentry","category-divulgacao","et-has-post-format-content","et_post_format-et-post-format-standard"],"_links":{"self":[{"href":"https:\/\/espiritualidade.carmelitas.pt\/boletim\/wp-json\/wp\/v2\/posts\/2743","targetHints":{"allow":["GET"]}}],"collection":[{"href":"https:\/\/espiritualidade.carmelitas.pt\/boletim\/wp-json\/wp\/v2\/posts"}],"about":[{"href":"https:\/\/espiritualidade.carmelitas.pt\/boletim\/wp-json\/wp\/v2\/types\/post"}],"author":[{"embeddable":true,"href":"https:\/\/espiritualidade.carmelitas.pt\/boletim\/wp-json\/wp\/v2\/users\/1"}],"replies":[{"embeddable":true,"href":"https:\/\/espiritualidade.carmelitas.pt\/boletim\/wp-json\/wp\/v2\/comments?post=2743"}],"version-history":[{"count":1,"href":"https:\/\/espiritualidade.carmelitas.pt\/boletim\/wp-json\/wp\/v2\/posts\/2743\/revisions"}],"predecessor-version":[{"id":2744,"href":"https:\/\/espiritualidade.carmelitas.pt\/boletim\/wp-json\/wp\/v2\/posts\/2743\/revisions\/2744"}],"wp:featuredmedia":[{"embeddable":true,"href":"https:\/\/espiritualidade.carmelitas.pt\/boletim\/wp-json\/wp\/v2\/media\/2738"}],"wp:attachment":[{"href":"https:\/\/espiritualidade.carmelitas.pt\/boletim\/wp-json\/wp\/v2\/media?parent=2743"}],"wp:term":[{"taxonomy":"category","embeddable":true,"href":"https:\/\/espiritualidade.carmelitas.pt\/boletim\/wp-json\/wp\/v2\/categories?post=2743"},{"taxonomy":"post_tag","embeddable":true,"href":"https:\/\/espiritualidade.carmelitas.pt\/boletim\/wp-json\/wp\/v2\/tags?post=2743"}],"curies":[{"name":"wp","href":"https:\/\/api.w.org\/{rel}","templated":true}]}}