{"id":2737,"date":"2021-05-31T02:15:00","date_gmt":"2021-05-31T02:15:00","guid":{"rendered":"https:\/\/espiritualidade.carmelitas.pt\/boletim\/?p=2737"},"modified":"2021-05-26T14:23:08","modified_gmt":"2021-05-26T14:23:08","slug":"com-maria-ate-deus","status":"publish","type":"post","link":"https:\/\/espiritualidade.carmelitas.pt\/boletim\/com-maria-ate-deus\/","title":{"rendered":"Com Maria, at\u00e9 Deus"},"content":{"rendered":"\n<p><em>Retiro mariano<\/em><br>Os carmelitas descal\u00e7os prop\u00f5em um tempo de retiro no <a href=\"http:\/\/avessadas.carmelitas.pt\/noticias\/com-maria-ate-deus\/\">Centro de Espiritualidade de Avessadas<\/a>, de 9 a 11 de julho. Esta atividade ser\u00e1 orientada pelo frei Renato da Cruz e ter\u00e1 uma marca mariana, uma vez que pretende preparar a solenidade da Virgem Maria do Monte Carmelo, celebrada a 16 de julho. Partindo da experi\u00eancia de L\u00facia, de Francisco e de Jacinta, os participantes ser\u00e3o convidados a deixar-se conduzir por Maria de tal modo que, para cada um deles, Ela seja \u00abcaminho e ref\u00fagio que conduza at\u00e9 Deus\u00bb. Al\u00e9m de usufruir do ambiente de recolhimento que proporcionam os diversos espa\u00e7os do Centro de Espiritualidade, o grupo em retiro viver\u00e1 aqueles dias em sil\u00eancio e ter\u00e1 a oportunidade de celebrar e orar com a comunidade dos carmelitas de Avessadas (<a href=\"http:\/\/avessadas.carmelitas.pt\/noticias\/com-maria-ate-deus\/\">mais informa\u00e7\u00f5es<\/a>). <\/p>\n","protected":false},"excerpt":{"rendered":"<p>Retiro marianoOs carmelitas descal\u00e7os prop\u00f5em um tempo de retiro no Centro de Espiritualidade de Avessadas, de 9 a 11 de julho. Esta atividade ser\u00e1 orientada pelo frei Renato da Cruz [&hellip;]<\/p>\n","protected":false},"author":1,"featured_media":2740,"comment_status":"closed","ping_status":"open","sticky":false,"template":"","format":"standard","meta":{"_et_pb_use_builder":"off","_et_pb_old_content":"","_et_gb_content_width":"","footnotes":""},"categories":[36],"tags":[],"class_list":["post-2737","post","type-post","status-publish","format-standard","has-post-thumbnail","hentry","category-retiro","et-has-post-format-content","et_post_format-et-post-format-standard"],"_links":{"self":[{"href":"https:\/\/espiritualidade.carmelitas.pt\/boletim\/wp-json\/wp\/v2\/posts\/2737","targetHints":{"allow":["GET"]}}],"collection":[{"href":"https:\/\/espiritualidade.carmelitas.pt\/boletim\/wp-json\/wp\/v2\/posts"}],"about":[{"href":"https:\/\/espiritualidade.carmelitas.pt\/boletim\/wp-json\/wp\/v2\/types\/post"}],"author":[{"embeddable":true,"href":"https:\/\/espiritualidade.carmelitas.pt\/boletim\/wp-json\/wp\/v2\/users\/1"}],"replies":[{"embeddable":true,"href":"https:\/\/espiritualidade.carmelitas.pt\/boletim\/wp-json\/wp\/v2\/comments?post=2737"}],"version-history":[{"count":1,"href":"https:\/\/espiritualidade.carmelitas.pt\/boletim\/wp-json\/wp\/v2\/posts\/2737\/revisions"}],"predecessor-version":[{"id":2742,"href":"https:\/\/espiritualidade.carmelitas.pt\/boletim\/wp-json\/wp\/v2\/posts\/2737\/revisions\/2742"}],"wp:featuredmedia":[{"embeddable":true,"href":"https:\/\/espiritualidade.carmelitas.pt\/boletim\/wp-json\/wp\/v2\/media\/2740"}],"wp:attachment":[{"href":"https:\/\/espiritualidade.carmelitas.pt\/boletim\/wp-json\/wp\/v2\/media?parent=2737"}],"wp:term":[{"taxonomy":"category","embeddable":true,"href":"https:\/\/espiritualidade.carmelitas.pt\/boletim\/wp-json\/wp\/v2\/categories?post=2737"},{"taxonomy":"post_tag","embeddable":true,"href":"https:\/\/espiritualidade.carmelitas.pt\/boletim\/wp-json\/wp\/v2\/tags?post=2737"}],"curies":[{"name":"wp","href":"https:\/\/api.w.org\/{rel}","templated":true}]}}