{"id":2732,"date":"2021-04-30T03:10:00","date_gmt":"2021-04-30T03:10:00","guid":{"rendered":"https:\/\/espiritualidade.carmelitas.pt\/boletim\/?p=2732"},"modified":"2021-04-28T07:17:24","modified_gmt":"2021-04-28T07:17:24","slug":"as-palavras-de-maria","status":"publish","type":"post","link":"https:\/\/espiritualidade.carmelitas.pt\/boletim\/as-palavras-de-maria\/","title":{"rendered":"As palavras de Maria"},"content":{"rendered":"\n<p><em>Armindo Vaz, OCD<\/em><\/p>\n\n\n\n<p>Para os portugueses, Maio \u00e9 o m\u00eas de Maria. Pegou-se-lhes como devo\u00e7\u00e3o desde o seio materno, onde sentiam o pulsar do cora\u00e7\u00e3o da pr\u00f3pria m\u00e3e a rezar \u00e0 m\u00e3e de Jesus por uma boa gesta\u00e7\u00e3o. Por isso, n\u00e3o sabem viver Maio sem venerar a virgem Maria, especialmente como \u00e9 invocada em F\u00e1tima. Ent\u00e3o, tamb\u00e9m neste Maio lhe dedicamos uma medita\u00e7\u00e3o, enquanto lhe pedimos, como Nossa Senhora dos Rem\u00e9dios e do Perp\u00e9tuo Socorro, intercess\u00e3o junto do Filho para a luta contra a pandemia.<\/p>\n\n\n\n<p>Ela n\u00e3o \u00e9 posta muitas vezes a falar nos evangelhos can\u00f3nicos. No minist\u00e9rio p\u00fablico de Jesus s\u00f3 \u00e9 posta a falar uma vez, na boda de Can\u00e1: \u00e9 a primeira vez que ela entra em cena durante a vida p\u00fablica de Jesus e \u00e9 a quarta e \u00faltima vez que \u00e9 posta a falar, depois de ter sido posta a dialogar com o anjo, com a parente Isabel (no <em>Magnificat<\/em>) e com o filho de doze anos no templo de Jerusal\u00e9m. Neste Maio escutamos as palavras de Maria em Can\u00e1: Jo\u00e3o 2,1-12.<\/p>\n\n\n\n<p>Este relato de uma boda n\u00e3o faz muito sentido se for lido como factualidade hist\u00f3rica. A sua mensagem nasce do seu simbolismo, descoberto na releitura do \u00eaxodo b\u00edblico e da alian\u00e7a b\u00edblica de Deus com Israel, intu\u00edda pela f\u00e9 prof\u00e9tica. A boda remete para o s\u00edmbolo nupcial do amor de Deus-Esposo pelo seu povo-esposa no contexto da <em>alian\u00e7a<\/em>, frequentemente simbolizada pelo <em>vinho<\/em>. No tempo de Jesus, a vida em Israel concentrava-se nas institui\u00e7\u00f5es em vez de se concentrar no amor para com Deus: como quem celebra uma boda sem vinho. Por isso, a m\u00e3e de Jesus notou-lhe: \u201cN\u00e3o t\u00eam vinho!\u201d Nesta boda de Can\u00e1 \u2013 que representa a alian\u00e7a antiga e prop\u00f5e a alian\u00e7a nova do amor de Jesus a quem quiser incorporar-se nela \u2013 n\u00e3o existia rela\u00e7\u00e3o de amor entre o povo e Deus. \u201cFaltava o vinho\u201d. No dealbar da nova alian\u00e7a <em>real<\/em>izada por Jesus, \u00e9 pela interven\u00e7\u00e3o da m\u00e3e que ele entra em ac\u00e7\u00e3o. Ela liga ao Filho a festa da vida e o n\u00e9ctar da felicidade humanas. Se a significa\u00e7\u00e3o da boda de Can\u00e1 est\u00e1 sobretudo na ac\u00e7\u00e3o de Jesus como esposo da nova humanidade, Jo\u00e3o d\u00e1 relevo \u00e0 rela\u00e7\u00e3o de Maria com o Filho, que salvou com o amor. Na nova alian\u00e7a est\u00e3o a m\u00e3e e o filho, anulando as dist\u00e2ncias entre Deus e o ser humano.<\/p>\n\n\n\n<p>As \u00faltimas palavras que os evangelhos puseram na boca dela soam a testamento espiritual que convida \u00e0 ac\u00e7\u00e3o: \u201cfazei o que ele vos disser\u201d. Um dos aspectos mais exaltantes da figura de Maria \u2013 e que est\u00e1 ilustrado neste relato \u2013 \u00e9 a miss\u00e3o de nos remeter para o Filho. Jesus, que est\u00e1 no centro da cena, \u00e9 o \u00fanico salvador; e Maria, ao lado do Filho, orienta-nos para ele, o verdadeiro noivo que est\u00e1 no centro da boda\/alian\u00e7a: \u201cfazei o que ele vos disser\u201d.<\/p>\n\n\n\n<p>Este ponto do relato de Jo\u00e3o \u00e9 pintado na espiritualidade do Oriente em cores vivas pelo sugestivo \u00edcone mariano chamado <em>Hodeguetria<\/em> ou <em>Odigitria<\/em> (do verbo grego <em>hodegu\u00e9o<\/em> = <em>conduzir a<\/em>), isto \u00e9, \u00abaquela que indica o caminho\u00bb da salva\u00e7\u00e3o e da alegria, o caminho para Jesus: \u00e9 um \u00edcone da Virgem Maria <em>Theot\u00f3kos<\/em> [<em>M\u00e3e de Deus<\/em>], com o Menino Jesus ao colo e a apontar para ele, \u00edcone que na Igreja do Ocidente por vezes \u00e9 chamado \u00abNossa Senhora do caminho\u00bb. Na Audi\u00eancia Geral de 24.3.2021 o Papa Francisco referiu-se a este lugar privilegiado da M\u00e3e de Jesus na vida e na ora\u00e7\u00e3o do crist\u00e3o: \u201cEla indica o Mediador: Ela \u00e9 a&nbsp;<em>Odigitria.<\/em>&nbsp;Na iconografia crist\u00e3 a sua presen\u00e7a est\u00e1 em toda a parte\u2026, mas sempre em rela\u00e7\u00e3o ao Filho e em fun\u00e7\u00e3o d\u2019Ele\u201d. E, a partir da\u00ed, respondendo mais uma vez ao pedido de alguns te\u00f3logos que gostariam de ver dogmaticamente Maria como <em>Co-redentora<\/em>, aproveitou para marcar posi\u00e7\u00e3o teol\u00f3gica: \u201cCristo \u00e9 o Mediador, a ponte que atravessamos para nos dirigirmos ao Pai. \u00c9 o \u00fanico Redentor: n\u00e3o existem co-redentores com Cristo. \u00c9 o Mediador por excel\u00eancia, \u00e9&nbsp;<em>o&nbsp;<\/em>Mediador. Cada ora\u00e7\u00e3o que elevamos a Deus \u00e9&nbsp;<em>por Cristo, com Cristo e em Cristo&nbsp;<\/em>e realiza-se gra\u00e7as \u00e0 sua intercess\u00e3o. O Esp\u00edrito Santo alarga a media\u00e7\u00e3o de Cristo a todos os tempos e lugares: n\u00e3o h\u00e1 outro nome no qual podemos ser salvos (cf.&nbsp;At&nbsp;4, 12). Jesus Cristo: o \u00fanico Mediador entre Deus e os homens. Da media\u00e7\u00e3o \u00fanica de Cristo adquirem significado as outras refer\u00eancias que o crist\u00e3o encontra para a sua ora\u00e7\u00e3o e devo\u00e7\u00e3o, em primeiro lugar \u00e0 Virgem Maria, M\u00e3e de Jesus\u2026 Como M\u00e3e a quem Jesus nos confiou, envolve todos n\u00f3s; mas como M\u00e3e, n\u00e3o como deusa, n\u00e3o como co-redentora: como M\u00e3e\u201d. Francisco j\u00e1 tinha dito em F\u00e1tima citando S. Paulo VI: \u201cse queremos ser crist\u00e3os, teremos de ser marianos; isto \u00e9, devemos reconhecer a rela\u00e7\u00e3o essencial, vital e providencial que une Maria a Jesus e que nos abre o caminho que leva a ele\u201d (12.5.2017).<\/p>\n\n\n\n<p>\u201c<em>Fazei<\/em> o que ele vos disser!\u201d \u00c9 um programa de amor para os serventes\/disc\u00edpulos de Jesus. O que ele diz est\u00e1 resumido no mesmo evangelho de Jo\u00e3o: \u201cDou-vos um mandamento novo: que vos ameis uns aos outros\u2026, como eu vos amei\u201d (Jo 13,34-35). <em>Fazei<\/em>! Amai! Tornai vivo o evangelho. Desde Can\u00e1 \u00e9 sempre poss\u00edvel recome\u00e7ar, com as palavras de Maria que falam ao cora\u00e7\u00e3o, com a Palavra de Jesus que transfigura a vida.<\/p>\n","protected":false},"excerpt":{"rendered":"<p>Armindo Vaz, OCD Para os portugueses, Maio \u00e9 o m\u00eas de Maria. Pegou-se-lhes como devo\u00e7\u00e3o desde o seio materno, onde sentiam o pulsar do cora\u00e7\u00e3o da pr\u00f3pria m\u00e3e a rezar [&hellip;]<\/p>\n","protected":false},"author":1,"featured_media":2721,"comment_status":"closed","ping_status":"open","sticky":false,"template":"","format":"standard","meta":{"_et_pb_use_builder":"off","_et_pb_old_content":"","_et_gb_content_width":"","footnotes":""},"categories":[4],"tags":[],"class_list":["post-2732","post","type-post","status-publish","format-standard","has-post-thumbnail","hentry","category-artigos","et-has-post-format-content","et_post_format-et-post-format-standard"],"_links":{"self":[{"href":"https:\/\/espiritualidade.carmelitas.pt\/boletim\/wp-json\/wp\/v2\/posts\/2732","targetHints":{"allow":["GET"]}}],"collection":[{"href":"https:\/\/espiritualidade.carmelitas.pt\/boletim\/wp-json\/wp\/v2\/posts"}],"about":[{"href":"https:\/\/espiritualidade.carmelitas.pt\/boletim\/wp-json\/wp\/v2\/types\/post"}],"author":[{"embeddable":true,"href":"https:\/\/espiritualidade.carmelitas.pt\/boletim\/wp-json\/wp\/v2\/users\/1"}],"replies":[{"embeddable":true,"href":"https:\/\/espiritualidade.carmelitas.pt\/boletim\/wp-json\/wp\/v2\/comments?post=2732"}],"version-history":[{"count":1,"href":"https:\/\/espiritualidade.carmelitas.pt\/boletim\/wp-json\/wp\/v2\/posts\/2732\/revisions"}],"predecessor-version":[{"id":2733,"href":"https:\/\/espiritualidade.carmelitas.pt\/boletim\/wp-json\/wp\/v2\/posts\/2732\/revisions\/2733"}],"wp:featuredmedia":[{"embeddable":true,"href":"https:\/\/espiritualidade.carmelitas.pt\/boletim\/wp-json\/wp\/v2\/media\/2721"}],"wp:attachment":[{"href":"https:\/\/espiritualidade.carmelitas.pt\/boletim\/wp-json\/wp\/v2\/media?parent=2732"}],"wp:term":[{"taxonomy":"category","embeddable":true,"href":"https:\/\/espiritualidade.carmelitas.pt\/boletim\/wp-json\/wp\/v2\/categories?post=2732"},{"taxonomy":"post_tag","embeddable":true,"href":"https:\/\/espiritualidade.carmelitas.pt\/boletim\/wp-json\/wp\/v2\/tags?post=2732"}],"curies":[{"name":"wp","href":"https:\/\/api.w.org\/{rel}","templated":true}]}}