{"id":2730,"date":"2021-04-30T03:07:00","date_gmt":"2021-04-30T03:07:00","guid":{"rendered":"https:\/\/espiritualidade.carmelitas.pt\/boletim\/?p=2730"},"modified":"2021-04-28T07:15:54","modified_gmt":"2021-04-28T07:15:54","slug":"ix-congresso-de-espiritualidade-espiritualidade-em-tempos-de-crise","status":"publish","type":"post","link":"https:\/\/espiritualidade.carmelitas.pt\/boletim\/ix-congresso-de-espiritualidade-espiritualidade-em-tempos-de-crise\/","title":{"rendered":"IX Congresso de Espiritualidade \u201dEspiritualidade em tempos de crise\u201d"},"content":{"rendered":"\n<p>A espiritualidade n\u00e3o se ocupa de uma realidade \u00e0 parte da vida quotidiana e, por isso, \u00e9 chamada a propor uma maneira crente de viver cada circunst\u00e2ncia.<a href=\"https:\/\/domuscarmeli.net\/wp\/2021\/03\/ix-congresso-de-espiritualidade-espiritualidade-em-tempos-de-crise\/\"> Este congresso<\/a>, promovido pelos institutos de inspira\u00e7\u00e3o carmelita e teresiana, tem por objetivo a reflex\u00e3o sobre a espiritualidade em tempos de crise. Dado que esta hora da hist\u00f3ria n\u00e3o se enfrenta somente com respostas te\u00f3ricas, a organiza\u00e7\u00e3o pretende iluminar os participantes pela experi\u00eancia exemplar de quem viveu outras crises e dar a conhecer as propostas de quem responde \u00e0 atual crise desde a f\u00e9. Conscientes de que a resposta crist\u00e3 se depara com a complexidade da vida, o programa deste IX Congresso teve como preocupa\u00e7\u00e3o base, escutar aqueles saberes humanos que nos permitem ler os impactos e as oportunidades destes tempos a n\u00edvel pessoal, familiar e comunit\u00e1rio. O evento ter\u00e1 lugar em F\u00e1tima, na Domus Carmeli, de 22 a 24 de outubro de 2021. <\/p>\n","protected":false},"excerpt":{"rendered":"<p>A espiritualidade n\u00e3o se ocupa de uma realidade \u00e0 parte da vida quotidiana e, por isso, \u00e9 chamada a propor uma maneira crente de viver cada circunst\u00e2ncia. Este congresso, promovido [&hellip;]<\/p>\n","protected":false},"author":1,"featured_media":2723,"comment_status":"closed","ping_status":"open","sticky":false,"template":"","format":"standard","meta":{"_et_pb_use_builder":"off","_et_pb_old_content":"","_et_gb_content_width":"","footnotes":""},"categories":[12],"tags":[],"class_list":["post-2730","post","type-post","status-publish","format-standard","has-post-thumbnail","hentry","category-congressos","et-has-post-format-content","et_post_format-et-post-format-standard"],"_links":{"self":[{"href":"https:\/\/espiritualidade.carmelitas.pt\/boletim\/wp-json\/wp\/v2\/posts\/2730","targetHints":{"allow":["GET"]}}],"collection":[{"href":"https:\/\/espiritualidade.carmelitas.pt\/boletim\/wp-json\/wp\/v2\/posts"}],"about":[{"href":"https:\/\/espiritualidade.carmelitas.pt\/boletim\/wp-json\/wp\/v2\/types\/post"}],"author":[{"embeddable":true,"href":"https:\/\/espiritualidade.carmelitas.pt\/boletim\/wp-json\/wp\/v2\/users\/1"}],"replies":[{"embeddable":true,"href":"https:\/\/espiritualidade.carmelitas.pt\/boletim\/wp-json\/wp\/v2\/comments?post=2730"}],"version-history":[{"count":1,"href":"https:\/\/espiritualidade.carmelitas.pt\/boletim\/wp-json\/wp\/v2\/posts\/2730\/revisions"}],"predecessor-version":[{"id":2731,"href":"https:\/\/espiritualidade.carmelitas.pt\/boletim\/wp-json\/wp\/v2\/posts\/2730\/revisions\/2731"}],"wp:featuredmedia":[{"embeddable":true,"href":"https:\/\/espiritualidade.carmelitas.pt\/boletim\/wp-json\/wp\/v2\/media\/2723"}],"wp:attachment":[{"href":"https:\/\/espiritualidade.carmelitas.pt\/boletim\/wp-json\/wp\/v2\/media?parent=2730"}],"wp:term":[{"taxonomy":"category","embeddable":true,"href":"https:\/\/espiritualidade.carmelitas.pt\/boletim\/wp-json\/wp\/v2\/categories?post=2730"},{"taxonomy":"post_tag","embeddable":true,"href":"https:\/\/espiritualidade.carmelitas.pt\/boletim\/wp-json\/wp\/v2\/tags?post=2730"}],"curies":[{"name":"wp","href":"https:\/\/api.w.org\/{rel}","templated":true}]}}