{"id":2727,"date":"2021-04-30T03:08:00","date_gmt":"2021-04-30T03:08:00","guid":{"rendered":"https:\/\/espiritualidade.carmelitas.pt\/boletim\/?p=2727"},"modified":"2021-04-28T07:14:42","modified_gmt":"2021-04-28T07:14:42","slug":"fatima-hoje-pensar-a-santidade","status":"publish","type":"post","link":"https:\/\/espiritualidade.carmelitas.pt\/boletim\/fatima-hoje-pensar-a-santidade\/","title":{"rendered":"F\u00e1tima, hoje: pensar a santidade"},"content":{"rendered":"\n<p><em>Simp\u00f3sio Teol\u00f3gico-Pastoral de 2021<\/em><\/p>\n\n\n\n<p>O <a href=\"https:\/\/www.fatima.pt\/pt\/pages\/simposio-teologico-pastoral\">Santu\u00e1rio de F\u00e1tima levar\u00e1 a efeito um Simp\u00f3sio Teol\u00f3gico-Pastoral <\/a>subordinado ao tema F\u00e1tima, hoje: pensar a santidade, que decorrer\u00e1 entre os dias 18 e 20 de junho de 2021. \u00abFaz sentido, hoje, pensar a santidade: pela experi\u00eancia que o acontecimento e a hist\u00f3ria da Cova da Iria prop\u00f5em \u00e0 humanidade que, s\u00e9culo XX fora, olha para si pr\u00f3pria na complexa teia do que \u00e9 ser humanidade. Tamb\u00e9m F\u00e1tima ajudou e continua a ajudar a ler e a viver a santidade que j\u00e1 n\u00e3o \u00e9 consagrada a uma \u201cbeata stirps\u201d, mas nessa estirpe inclui \u201cos santos de ao p\u00e9 da porta\u201d, refere Marco Daniel Duarte, Presidente da Comiss\u00e3o Cient\u00edfica e Organizadora do Simp\u00f3sio. <\/p>\n","protected":false},"excerpt":{"rendered":"<p>Simp\u00f3sio Teol\u00f3gico-Pastoral de 2021 O Santu\u00e1rio de F\u00e1tima levar\u00e1 a efeito um Simp\u00f3sio Teol\u00f3gico-Pastoral subordinado ao tema F\u00e1tima, hoje: pensar a santidade, que decorrer\u00e1 entre os dias 18 e 20 [&hellip;]<\/p>\n","protected":false},"author":1,"featured_media":2728,"comment_status":"closed","ping_status":"open","sticky":false,"template":"","format":"standard","meta":{"_et_pb_use_builder":"off","_et_pb_old_content":"","_et_gb_content_width":"","footnotes":""},"categories":[12],"tags":[],"class_list":["post-2727","post","type-post","status-publish","format-standard","has-post-thumbnail","hentry","category-congressos","et-has-post-format-content","et_post_format-et-post-format-standard"],"_links":{"self":[{"href":"https:\/\/espiritualidade.carmelitas.pt\/boletim\/wp-json\/wp\/v2\/posts\/2727","targetHints":{"allow":["GET"]}}],"collection":[{"href":"https:\/\/espiritualidade.carmelitas.pt\/boletim\/wp-json\/wp\/v2\/posts"}],"about":[{"href":"https:\/\/espiritualidade.carmelitas.pt\/boletim\/wp-json\/wp\/v2\/types\/post"}],"author":[{"embeddable":true,"href":"https:\/\/espiritualidade.carmelitas.pt\/boletim\/wp-json\/wp\/v2\/users\/1"}],"replies":[{"embeddable":true,"href":"https:\/\/espiritualidade.carmelitas.pt\/boletim\/wp-json\/wp\/v2\/comments?post=2727"}],"version-history":[{"count":1,"href":"https:\/\/espiritualidade.carmelitas.pt\/boletim\/wp-json\/wp\/v2\/posts\/2727\/revisions"}],"predecessor-version":[{"id":2729,"href":"https:\/\/espiritualidade.carmelitas.pt\/boletim\/wp-json\/wp\/v2\/posts\/2727\/revisions\/2729"}],"wp:featuredmedia":[{"embeddable":true,"href":"https:\/\/espiritualidade.carmelitas.pt\/boletim\/wp-json\/wp\/v2\/media\/2728"}],"wp:attachment":[{"href":"https:\/\/espiritualidade.carmelitas.pt\/boletim\/wp-json\/wp\/v2\/media?parent=2727"}],"wp:term":[{"taxonomy":"category","embeddable":true,"href":"https:\/\/espiritualidade.carmelitas.pt\/boletim\/wp-json\/wp\/v2\/categories?post=2727"},{"taxonomy":"post_tag","embeddable":true,"href":"https:\/\/espiritualidade.carmelitas.pt\/boletim\/wp-json\/wp\/v2\/tags?post=2727"}],"curies":[{"name":"wp","href":"https:\/\/api.w.org\/{rel}","templated":true}]}}