{"id":2725,"date":"2021-04-30T03:09:00","date_gmt":"2021-04-30T03:09:00","guid":{"rendered":"https:\/\/espiritualidade.carmelitas.pt\/boletim\/?p=2725"},"modified":"2021-04-28T07:12:44","modified_gmt":"2021-04-28T07:12:44","slug":"os-meus-pedidos-a-sao-jose-para-o-mes-de-marco-de-2021","status":"publish","type":"post","link":"https:\/\/espiritualidade.carmelitas.pt\/boletim\/os-meus-pedidos-a-sao-jose-para-o-mes-de-marco-de-2021\/","title":{"rendered":"Os meus pedidos a S\u00e3o Jos\u00e9 para o m\u00eas de mar\u00e7o de 2021"},"content":{"rendered":"\n<p><em>Frei Jo\u00e3o Costa, OCD<\/em><br><\/p>\n\n\n\n<p>Meu querido Patriarca S\u00e3o Jos\u00e9,<br>nem me passa pela minha pobre cabe\u00e7a<br>que ignores o que c\u00e1 por baixo se passa!<br>Sei que n\u00e3o \u00e9s tanto como Jesus, que \u00e9 Deus,<br>mas \u00e9s pai Dele!<br>Sei que n\u00e3o \u00e9s tanto como Deus nosso Pai,<br>mas Ele escolheu-te para protector do Filho!<br>Sei que n\u00e3o \u00e9s tanto como Deus Esp\u00edrito Santo,<br>mas Ele sempre te iluminou o cora\u00e7\u00e3o,<br>quando nas tuas noites escuras tiveste de tomar<br>as decis\u00f5es mais dif\u00edceis da tua vida,<br>da vida da Virgem Maria,<br>da vida de Jesus Menino,<br>da vida da fam\u00edlia de Nazar\u00e9, enfim,<br>as decis\u00f5es mais dif\u00edceis que poderiam magoar<br>o cora\u00e7\u00e3o bom do nosso bom Deus!<\/p>\n\n\n\n<p>Em boa verdade, querido Patriarca S\u00e3o Jos\u00e9,<br>ainda bem que n\u00e3o \u00e9s nem Deus, nem super-her\u00f3i.<br>\u00c9s apenas homem; mas que homem, \u00f3 homem de Deus,<br>e homem \u00e0 altura de Deus!<\/p>\n\n\n\n<p>Sei que sabias fazer um pouco de tudo:<br>sabias fazer um galinheiro, estrelar ovos,<br>fazer uma canja, assar um anho, fazer um pudim.<br>Sabias ler o tempo e antecipar as tempestades ou bonan\u00e7as,<br>semear um campo e colher flores e frutos;<br>remendar uma caleira, fazer um arado, um baloi\u00e7o,<br>consertar a roda de um carro, montar uma cadeira,<br>fazer um moinho, arranjar uma janela, uma arca,<br>um tampo ou uma aduela de uma pipa.<\/p>\n\n\n\n<p>Eras pobre, mas tinhas umas m\u00e3os grandes e fortes,<br>uns bra\u00e7os valentes e fofos, um sorriso bonito,<br>uns olhos de esperan\u00e7a, uns belos cabelos negros,<br>um apetite fabuloso e, frugal, se tinha de ser.<br>Ah, e dormias como um anjo!<\/p>\n\n\n\n<p>Eras um amigo \u00e0s direitas, daqueles que sempre ri,<br>mesmo se lhe contam a mesma piada cem vezes!<br>Dizem-me e n\u00e3o me enganam que eras delicado e sens\u00edvel,<br>amigo do teu amigo, incapaz de uma birra,<br>paciente com os caloteiros e atento aos mais pobres que tu.<\/p>\n\n\n\n<p>Ah! E eras digno de Deus. Sim, isso sim:<br>eras digno de toda a confian\u00e7a do nosso bom Deus!<br>E conhecias certamente aquelas hist\u00f3rias<br>(algumas das quais Jesus nos contou!)<br>que nos teus tempos se contavam sobre os ricos<br>que partiam para reinos long\u00ednquos<br>e deixavam as suas terras ou tesoiros a render<br>nas m\u00e3os de servos de confian\u00e7a.<\/p>\n\n\n\n<p>Sim, claro que sim, tu conhecias bem essas hist\u00f3rias.<br>Ali\u00e1s, sempre que as ou\u00e7o na liturgia, \u00e9 de ti,<br>pobre carpinteiro de Nazar\u00e9, que eu me lembro,<br>porque foi a ti, homem dos sete of\u00edcios,<br>a quem o Eterno entregou o Seu querido tesoiro:<br>o Filho, Jesus Menino, nosso Salvador!<\/p>\n\n\n\n<p>Olha que, \u00e0s vezes, me ponho a imaginar<br>o que significa ser guardi\u00e3o do filho de Deus!<br>E o que me ponho a lembrar \u00e9 isto:<br>onde poderia Deus encontrar um cora\u00e7\u00e3o puro e digno,<br>olhos l\u00edmpidos e m\u00e3os ternas e suaves<br>para embalar e guardar o Menino e a M\u00e3e?<br>\u2026 Onde, meu Deus?<br>E depois, Deus perguntou-te:<br>\u00abaceitas ser pai do meu Filho?\u00bb e tu assentiste!<br>Como \u00e9s admir\u00e1vel, Jos\u00e9, nobre carpinteiro de Nazar\u00e9!<br>Ningu\u00e9m, em lado algum,<br>te ouviu um lamento ou murm\u00fario,<br>do teu cora\u00e7\u00e3o n\u00e3o subiu um desalento que fosse,<br>nem sequer um: \u00abe que mais me ir\u00e1 acontecer?\u00bb!<br>Aconteceu, e pronto, j\u00e1 eras pai,<br>tomaste o Menino nos bra\u00e7os e eles tremiam,<br>tremias todo, como varas ao vento porque, afinal,<br>em teus bra\u00e7os tinhas o teu Deus!<\/p>\n\n\n\n<p>Visto que, Senhor S\u00e3o Jos\u00e9,<br>soubeste estar \u00e0 altura do que Deus requeria de ti,<br>eis-me aqui para te pedir<br>bem menos do que Deus te pediu:<br>que olhes por n\u00f3s, ou\u00e7as as nossas dores,<br>lamentos, tristezas,<br>des\u00e2nimos, desassossegos, gritos, \u00e2nsias, preces.<br>Ouve tudo isso, \u00f3 pai, toma tudo em tuas m\u00e3os,<br>e apresenta-o ao cora\u00e7\u00e3o do Eterno Pai:<\/p>\n\n\n\n<p>\u00c0 nossa volta, tudo est\u00e1 carregado de cinza escuro.<br>L\u00e1 fora \u00e9 primavera, mas n\u00f3s restamos confinados.<br>L\u00e1 fora j\u00e1 cantam ao sol as flores, os grilos e as rolas,<br>mas dentro de n\u00f3s e das nossas casas<br>tudo \u00e9 t\u00e3o cinzento e, \u00e0s vezes, negro!<\/p>\n\n\n\n<p>A rotina de doze horas ou mais focada no \u00e9cran<br>cansa-nos, m\u00f3i-nos, ma\u00e7a-nos e desanima-nos.<br>J\u00e1 n\u00e3o suportamos mais estar enclausurados,<br>que at\u00e9 trepamos pelas paredes acima!<br>J\u00e1 n\u00e3o toleramos o teletrabalho, o medo de sair \u00e0 rua,<br>o estudo em casa por v\u00eddeo-confer\u00eancia,<br>as conversas por whatsapp e messenger;<br>j\u00e1 n\u00e3o suportamos os clientes tontos<br>que recusam usar m\u00e1scara e \u00e1lcool-gel;<br>cansam-nos o patr\u00e3o, se somos empregados,<br>e os empregados se somos patr\u00f5es.<\/p>\n\n\n\n<p>Isto est\u00e1 ruim, Jos\u00e9!<br>Estamos todos deveras cansados e deprimidos!<br>Se vivemos numa ilha queremos ir para o continente,<br>se vivemos no continente queremos ir para a ilha!<\/p>\n\n\n\n<p>Eu sei que, verdadeiramente, a solu\u00e7\u00e3o<br>n\u00e3o est\u00e1 em tuas m\u00e3os, Jos\u00e9, de facto n\u00e3o est\u00e1,<br>mas n\u00e3o tinha ningu\u00e9m mais com quem desabafar.<\/p>\n\n\n\n<p>Por isso te pe\u00e7o, durante o sono desta noite,<br>traz-me um pouco de sossego ao meu cora\u00e7\u00e3o,<br>de paci\u00eancia \u00e0 minha cabe\u00e7a,<br>de paz ao meu lar, de esperan\u00e7a \u00e0 minha f\u00e9,<br>de j\u00fabilo ao meu trabalho, de confian\u00e7a ao meu futuro.<\/p>\n\n\n\n<p>Isto est\u00e1 ruim, sim,<br>mas tu \u00e9s o pai de Jesus, certo?<\/p>\n\n\n\n<p>Abra\u00e7o-te, pai.<br>Teu filho, Jo\u00e3o.<\/p>\n","protected":false},"excerpt":{"rendered":"<p>Frei Jo\u00e3o Costa, OCD Meu querido Patriarca S\u00e3o Jos\u00e9,nem me passa pela minha pobre cabe\u00e7aque ignores o que c\u00e1 por baixo se passa!Sei que n\u00e3o \u00e9s tanto como Jesus, que [&hellip;]<\/p>\n","protected":false},"author":1,"featured_media":2722,"comment_status":"closed","ping_status":"open","sticky":false,"template":"","format":"standard","meta":{"_et_pb_use_builder":"off","_et_pb_old_content":"","_et_gb_content_width":"","footnotes":""},"categories":[4],"tags":[],"class_list":["post-2725","post","type-post","status-publish","format-standard","has-post-thumbnail","hentry","category-artigos","et-has-post-format-content","et_post_format-et-post-format-standard"],"_links":{"self":[{"href":"https:\/\/espiritualidade.carmelitas.pt\/boletim\/wp-json\/wp\/v2\/posts\/2725","targetHints":{"allow":["GET"]}}],"collection":[{"href":"https:\/\/espiritualidade.carmelitas.pt\/boletim\/wp-json\/wp\/v2\/posts"}],"about":[{"href":"https:\/\/espiritualidade.carmelitas.pt\/boletim\/wp-json\/wp\/v2\/types\/post"}],"author":[{"embeddable":true,"href":"https:\/\/espiritualidade.carmelitas.pt\/boletim\/wp-json\/wp\/v2\/users\/1"}],"replies":[{"embeddable":true,"href":"https:\/\/espiritualidade.carmelitas.pt\/boletim\/wp-json\/wp\/v2\/comments?post=2725"}],"version-history":[{"count":1,"href":"https:\/\/espiritualidade.carmelitas.pt\/boletim\/wp-json\/wp\/v2\/posts\/2725\/revisions"}],"predecessor-version":[{"id":2726,"href":"https:\/\/espiritualidade.carmelitas.pt\/boletim\/wp-json\/wp\/v2\/posts\/2725\/revisions\/2726"}],"wp:featuredmedia":[{"embeddable":true,"href":"https:\/\/espiritualidade.carmelitas.pt\/boletim\/wp-json\/wp\/v2\/media\/2722"}],"wp:attachment":[{"href":"https:\/\/espiritualidade.carmelitas.pt\/boletim\/wp-json\/wp\/v2\/media?parent=2725"}],"wp:term":[{"taxonomy":"category","embeddable":true,"href":"https:\/\/espiritualidade.carmelitas.pt\/boletim\/wp-json\/wp\/v2\/categories?post=2725"},{"taxonomy":"post_tag","embeddable":true,"href":"https:\/\/espiritualidade.carmelitas.pt\/boletim\/wp-json\/wp\/v2\/tags?post=2725"}],"curies":[{"name":"wp","href":"https:\/\/api.w.org\/{rel}","templated":true}]}}