{"id":2714,"date":"2021-04-21T08:28:42","date_gmt":"2021-04-21T08:28:42","guid":{"rendered":"https:\/\/espiritualidade.carmelitas.pt\/boletim\/?p=2714"},"modified":"2021-04-21T08:51:54","modified_gmt":"2021-04-21T08:51:54","slug":"santidade-vocacao-de-todos-os-crentes","status":"publish","type":"post","link":"https:\/\/espiritualidade.carmelitas.pt\/boletim\/santidade-vocacao-de-todos-os-crentes\/","title":{"rendered":"Santidade, voca\u00e7\u00e3o de todos os crentes"},"content":{"rendered":"\n<p>Ao congresso internacional \u00abMulher extraordin\u00e1ria\u00bb sobre Teresa de \u00c1vila<\/p>\n\n\n\n<p><\/p>\n\n\n\n<p><em>A santidade n\u00e3o \u00e9 reservada aos \u00abperitos no divino\u00bb, mas \u00e9 \u00aba voca\u00e7\u00e3o de todos os crentes\u00bb, recordou o Pont\u00edfice numa mensagem em v\u00eddeo aos participantes no congresso internacional \u00abMulher extraordin\u00e1ria\u00bb, que teve lugar em \u00c1vila de 12 a 15 de abril, por ocasi\u00e3o do cinquenten\u00e1rio da proclama\u00e7\u00e3o de Santa Teresa doutora da Igreja. A seguir, o texto da mensagem de Francisco.<\/em><\/p>\n\n\n\n<p>Sa\u00fado os participantes no Congresso universit\u00e1rio mediante o qual se comemora o cinquenten\u00e1rio da proclama\u00e7\u00e3o de Santa Teresa de Jesus Doutora da Igreja.<\/p>\n\n\n\n<p>A express\u00e3o \u00abmulher extraordin\u00e1ria\u00bb, que d\u00e1 o t\u00edtulo ao vosso encontro, foi utilizada por&nbsp;<a href=\"http:\/\/www.vatican.va\/content\/paul-vi\/pt.html\">S\u00e3o Paulo VI<\/a><a href=\"https:\/\/www.vatican.va\/content\/francesco\/pt\/messages\/pont-messages\/2021\/documents\/papa-francesco_20210415_videomessaggio-mujer-excepcional.html#_ftn1\">[1]<\/a>. Estamos diante de uma pessoa que se distinguiu em muitas dimens\u00f5es. Contudo, n\u00e3o podemos esquecer que a sua reconhecida relev\u00e2ncia nestas dimens\u00f5es nada mais \u00e9 do que a consequ\u00eancia do que era importante para ela: o seu encontro com o Senhor, a sua \u00abdetermina\u00e7\u00e3o determinada\u00bb, assim diz ela, de perseverar na uni\u00e3o com Ele atrav\u00e9s da ora\u00e7\u00e3o<a href=\"https:\/\/www.vatican.va\/content\/francesco\/pt\/messages\/pont-messages\/2021\/documents\/papa-francesco_20210415_videomessaggio-mujer-excepcional.html#_ftn2\">[2]<\/a>, o seu firme prop\u00f3sito de cumprir a miss\u00e3o que lhe tinha sido confiada pelo Senhor, a quem se oferece com simplicidade dizendo, com aquela linguagem simples que se diria at\u00e9 de camponesa: \u00abSou vossa, nasci para V\u00f3s, \/ o que quereis de mim?\u00bb<a href=\"https:\/\/www.vatican.va\/content\/francesco\/pt\/messages\/pont-messages\/2021\/documents\/papa-francesco_20210415_videomessaggio-mujer-excepcional.html#_ftn3\">[3]<\/a>. Teresa de Jesus \u00e9 extraordin\u00e1ria, sobretudo porque \u00e9 santa. A sua docilidade ao Esp\u00edrito une-a a Cristo e ela permanece \u00abtoda inflamada de grande amor a Deus\u00bb<a href=\"https:\/\/www.vatican.va\/content\/francesco\/pt\/messages\/pont-messages\/2021\/documents\/papa-francesco_20210415_videomessaggio-mujer-excepcional.html#_ftn4\">[4]<\/a>. Exprime a sua experi\u00eancia com bonitas palavras, dizendo: \u00abEntreguei-me totalmente a Ele \/ e mudei de tal forma \/ que o meu Amado \u00e9 s\u00f3 para mim \/ e eu sou para o meu Amado\u00bb<a href=\"https:\/\/www.vatican.va\/content\/francesco\/pt\/messages\/pont-messages\/2021\/documents\/papa-francesco_20210415_videomessaggio-mujer-excepcional.html#_ftn5\">[5]<\/a>. Jesus tinha ensinado que \u00aba boca fala daquilo de que o cora\u00e7\u00e3o est\u00e1 cheio\u00bb (<em>Lc&nbsp;<\/em>&nbsp;6, 45). A aud\u00e1cia, a criatividade e a excel\u00eancia de Santa Teresa, como reformadora, s\u00e3o o fruto da presen\u00e7a interior do Senhor.<\/p>\n\n\n\n<p>Digamos que \u00abn\u00e3o vivemos uma \u00e9poca de mudan\u00e7a, mas uma mudan\u00e7a de \u00e9poca\u00bb<a href=\"https:\/\/www.vatican.va\/content\/francesco\/pt\/messages\/pont-messages\/2021\/documents\/papa-francesco_20210415_videomessaggio-mujer-excepcional.html#_ftn6\">[6]<\/a>. E, neste sentido, os nossos dias t\u00eam muitas semelhan\u00e7as com os do s\u00e9culo xvi , no qual a santa viveu. Como ent\u00e3o, tamb\u00e9m agora, n\u00f3s crist\u00e3os, somos chamados a fazer com que, atrav\u00e9s de n\u00f3s, a for\u00e7a do Esp\u00edrito Santo continue a renovar a face da terra (cf.&nbsp;<em>Sl&nbsp;<\/em>&nbsp;104, 30), na certeza de que em \u00faltima an\u00e1lise s\u00e3o os santos que permitem que o mundo progrida rumo \u00e0 sua meta definitiva.<\/p>\n\n\n\n<p>\u00c9 bom recordar a chamada universal \u00e0 santidade, de que falou o&nbsp;<a href=\"http:\/\/www.vatican.va\/archive\/hist_councils\/ii_vatican_council\/index_po.htm\">Conc\u00edlio Vaticano II<\/a>&nbsp;(cf.&nbsp;<em><a href=\"http:\/\/www.vatican.va\/archive\/hist_councils\/ii_vatican_council\/documents\/vat-ii_const_19641121_lumen-gentium_po.html\">Lumen gentium<\/a>,&nbsp;<\/em>39-42): \u00abOs crist\u00e3os, de qualquer estado ou ordem, s\u00e3o chamados \u00e0 plenitude da vida crist\u00e3 e \u00e0 perfei\u00e7\u00e3o da caridade. Na pr\u00f3pria sociedade terrena, esta santidade promove um modo de vida mais humano. Para alcan\u00e7ar esta perfei\u00e7\u00e3o, empreguem os fi\u00e9is as for\u00e7as recebidas segundo a medida em que as d\u00e1 Cristo&#8230; se consagrem com toda a alma \u00e0 gl\u00f3ria do Senhor e ao servi\u00e7o do pr\u00f3ximo\u00bb, assim diz o n. 40 da&nbsp;<em><a href=\"http:\/\/www.vatican.va\/archive\/hist_councils\/ii_vatican_council\/documents\/vat-ii_const_19641121_lumen-gentium_po.html\">Lumen gentium<\/a><\/em>. A santidade n\u00e3o \u00e9 apenas para alguns \u00abperitos no divino\u00bb, mas \u00e9 a voca\u00e7\u00e3o de todos os fi\u00e9is. A uni\u00e3o com Cristo, que m\u00edsticos como Santa Teresa experimentam de modo especial por pura gra\u00e7a, recebemo-la mediante o batismo. Os santos estimulam-nos e motivam-nos, mas n\u00e3o existem para que procuremos literalmente copi\u00e1-los, a santidade n\u00e3o se copia, \u00abpois isto poderia at\u00e9 afastar-nos do caminho, \u00fanico e espec\u00edfico, que o Senhor predisp\u00f4s para n\u00f3s. \u00c9 importante que cada crente discirna o seu pr\u00f3prio caminho\u00bb<a href=\"https:\/\/www.vatican.va\/content\/francesco\/pt\/messages\/pont-messages\/2021\/documents\/papa-francesco_20210415_videomessaggio-mujer-excepcional.html#_ftn7\">[7]<\/a>, cada um de n\u00f3s tem o seu caminho de santidade, de encontro com o Senhor.<\/p>\n\n\n\n<p>Com efeito, a pr\u00f3pria Santa Teresa adverte as suas monjas que a ora\u00e7\u00e3o n\u00e3o \u00e9 para experimentar sensa\u00e7\u00f5es extraordin\u00e1rias, mas para nos unir a Cristo. E o sinal de que esta uni\u00e3o \u00e9 real s\u00e3o as obras de caridade. \u00abEsta \u00e9 a finalidade da ora\u00e7\u00e3o, minhas filhas\u00bb, diz em&nbsp;<em>O Castelo interior,<\/em>&nbsp;\u00ab\u00e9 para isto que serve o matrim\u00f3nio espiritual, para produzir obras sempre novas\u00bb<a href=\"https:\/\/www.vatican.va\/content\/francesco\/pt\/messages\/pont-messages\/2021\/documents\/papa-francesco_20210415_videomessaggio-mujer-excepcional.html#_ftn8\">[8]<\/a>. E antes, no mesmo livro, admoestava: \u00abQuando vejo almas totalmente dispostas a dar-se conta da ora\u00e7\u00e3o que recitam, e t\u00e3o concentradas quando o fazem que d\u00e3o a impress\u00e3o de evitar o menor movimento e desviar o pensamento, com medo de perder aquele pouco de gosto e devo\u00e7\u00e3o que sentem, conven\u00e7o-me de que ainda n\u00e3o sabem como alcan\u00e7ar a uni\u00e3o. Pensam que tudo depende disto. N\u00e3o, minha irm\u00e3! O Senhor quer obras. Quer, por exemplo, que n\u00e3o te preocupes em perder aquela devo\u00e7\u00e3o, para consolar uma pessoa doente a quem v\u00eas que podes ser de al\u00edvio&#8230; Eis no que consiste a verdadeira uni\u00e3o com a vontade de Deus\u00bb<a href=\"https:\/\/www.vatican.va\/content\/francesco\/pt\/messages\/pont-messages\/2021\/documents\/papa-francesco_20210415_videomessaggio-mujer-excepcional.html#_ftn9\">[9]<\/a>. Em&nbsp;<em>O Castelo interior&nbsp;<\/em>&nbsp;diz tamb\u00e9m isto. Em s\u00edntese, \u00abo que mede a perfei\u00e7\u00e3o das pessoas \u00e9 o seu grau de caridade, n\u00e3o a quantidade de dados e conhecimentos que podem acumular\u00bb<a href=\"https:\/\/www.vatican.va\/content\/francesco\/pt\/messages\/pont-messages\/2021\/documents\/papa-francesco_20210415_videomessaggio-mujer-excepcional.html#_ftn10\">[10]<\/a>, e outras coisas semelhantes.<\/p>\n\n\n\n<p>Santa Teresa ensina-nos que o caminho que a tornou uma mulher extraordin\u00e1ria e uma pessoa de refer\u00eancia ao longo dos s\u00e9culos, o caminho da ora\u00e7\u00e3o, est\u00e1 aberto a todos aqueles que, humildemente, se abrem \u00e0 a\u00e7\u00e3o do Esp\u00edrito na pr\u00f3pria vida, e que o sinal de que progredimos neste caminho \u00e9 o de sermos cada vez mais humildes, sempre mais atentos \u00e0s necessidades dos nossos irm\u00e3os, filhos melhores do povo santo de Deus. Este caminho n\u00e3o est\u00e1 aberto \u00e0queles que se consideram puros e perfeitos, os c\u00e1taros de todos os s\u00e9culos, mas a quem, consciente dos seus pecados, descobre a beleza da miseric\u00f3rdia de Deus, que acolhe todos, redime todos e convida todos \u00e0 sua amizade. \u00c9 interessante que a consci\u00eancia de sermos pecadores abre a porta para o caminho da santidade. Santa Teresa, que se considerava muito \u00abm\u00e1 e miser\u00e1vel\u00bb, como se define a si mesma, reconhece que a bondade de Deus \u00ab\u00e9 maior do que todo o mal que podemos praticar&#8230; Ele esquece que lhe fomos ingratos&#8230; Que se lembrem das suas palavras e pensem como Ele pensou no meu caso \u2014 diz ela \u2014 cansei-me de o ofender antes que Ele se cansasse de me perdoar\u00bb. Cansamo-nos antes n\u00f3s de ofender a Deus, de percorrer caminhos estranhos, do que Deus de nos perdoar. Ele nunca se cansa de perdoar. Cansamo-nos de pedir perd\u00e3o, e \u00e9 aqui que reside o perigo. \u00abEle nunca se cansa de doar, nem se podem esgotar as suas miseric\u00f3rdias: n\u00e3o nos cansemos de as receber!\u00bb<a href=\"https:\/\/www.vatican.va\/content\/francesco\/pt\/messages\/pont-messages\/2021\/documents\/papa-francesco_20210415_videomessaggio-mujer-excepcional.html#_ftn11\">[11]<\/a>, abrindo o cora\u00e7\u00e3o com humildade. Uma das suas passagens preferidas da Escritura era o primeiro vers\u00edculo do Salmo 89 do qual fez, num certo sentido, o lema da sua vida: \u00abCantarei eternamente a miseric\u00f3rdia do Senhor\u00bb. Aquele \u201cmisericordiar\u201d de Deus.<\/p>\n\n\n\n<p>A ora\u00e7\u00e3o fez de Santa Teresa uma mulher extraordin\u00e1ria, uma mulher criativa e inovadora. A partir da ora\u00e7\u00e3o, descobriu o ideal de fraternidade que queria tornar realidade nos conventos por ela fundados: \u00abAs irm\u00e3s devem amar-se todas igualmente, ser amigas de todas e ajudar-se mutuamente\u00bb<a href=\"https:\/\/www.vatican.va\/content\/francesco\/pt\/messages\/pont-messages\/2021\/documents\/papa-francesco_20210415_videomessaggio-mujer-excepcional.html#_ftn12\">[12]<\/a>. E quando vejo \u201cdesaven\u00e7as\u201d nalgum convento, dentro de um convento, ou \u201cdesaven\u00e7as\u201d entre conventos, \u00abeu sou daqui\u00bb, \u00abeu sou dali\u00bb, \u00abeu interpreto assim\u00bb, \u00abaceito isto da Igreja, aquilo n\u00e3o aceito\u00bb&#8230; as pobres monjas esqueceram-se da fundadora, daquilo que lhes ensinou. Na ora\u00e7\u00e3o ela sentiu-se tratada como esposa e amiga por Cristo ressuscitado. Atrav\u00e9s da ora\u00e7\u00e3o, abriu-se \u00e0 esperan\u00e7a. E com este pensamento quero concluir esta sauda\u00e7\u00e3o. Como Teresa, Doutora da Igreja, vivemos \u00abtempos dif\u00edceis\u00bb, tempos que n\u00e3o s\u00e3o nada f\u00e1ceis, tempos que precisam de amigos fi\u00e9is de Deus, amigos fortes<a href=\"https:\/\/www.vatican.va\/content\/francesco\/pt\/messages\/pont-messages\/2021\/documents\/papa-francesco_20210415_videomessaggio-mujer-excepcional.html#_ftn13\">[13]<\/a>. A grande tenta\u00e7\u00e3o \u00e9 ceder \u00e0 desilus\u00e3o, \u00e0 resigna\u00e7\u00e3o, ao triste e infundado pressentimento de que tudo vai correr mal. Este pessimismo infecundo, este pessimismo de pessoas incapazes de dar vida. Algumas pessoas, assustadas com estes pensamentos, tendem a fechar-se, a refugiar-se em pequenas coisas. Lembro-me do exemplo de um convento, onde todas as suas monjas se tinham refugiado em pequenas coisas. O convento chamava-se de Santa&#8230; N\u00e3o direi de quem, e estava localizado numa cidade, mas chamavam-lhe \u00abconvento coisinha, coisinha, coisinha\u00bb, porque todas viviam fechadas em pequenas coisas, como ref\u00fagio, em projetos ego\u00edstas que n\u00e3o edificam a comunidade, mas destroem-na. Ao contr\u00e1rio, a ora\u00e7\u00e3o abre-nos, permite-nos saborear que Deus \u00e9 grande, que est\u00e1 al\u00e9m do horizonte, que Deus \u00e9 bom, que nos ama e que n\u00e3o perdeu o controle da hist\u00f3ria. Talvez caminhemos \u00abatrav\u00e9s de um vale escuro\u00bb (<em>Sl&nbsp;<\/em>&nbsp;23, 4), n\u00e3o tenhais medo se o Senhor estiver convosco. Mas ele n\u00e3o cessa de caminhar ao nosso lado e de nos conduzir rumo \u00e0 verdadeira meta \u00e0 qual todos aspiramos: a vida eterna. Podemos ter a coragem de realizar grandes coisas, pois sabemos que somos favorecidos por Deus\u00bb<a href=\"https:\/\/www.vatican.va\/content\/francesco\/pt\/messages\/pont-messages\/2021\/documents\/papa-francesco_20210415_videomessaggio-mujer-excepcional.html#_ftn14\">[14]<\/a>. E com Ele, somos capazes de enfrentar qualquer desafio, pois na realidade \u00e9 s\u00f3 a sua companhia que o nosso cora\u00e7\u00e3o deseja e o que nos concede a plenitude e a alegria com as quais fomos criados. A Santa resumiu isto numa famosa ora\u00e7\u00e3o que vos encorajo a recitar frequentemente:<\/p>\n\n\n\n<p>Nada te perturbe,<br>nada te assuste;<br>tudo passa,<br>S\u00f3 Deus n\u00e3o muda.<br>A paci\u00eancia<br>tudo alcan\u00e7a.<br>Quem tem Deus<br>nada lhe falta.<br>S\u00f3 Deus basta!<\/p>\n\n\n\n<p>Que Jesus vos aben\u00e7oe, e que a Virgem e S\u00e3o Jos\u00e9 vos acompanhem. E, por favor, n\u00e3o vos esque\u00e7ais de rezar por mim. Obrigado!<\/p>\n\n\n\n<hr class=\"wp-block-separator\"\/>\n\n\n\n<p><a href=\"https:\/\/www.vatican.va\/content\/francesco\/pt\/messages\/pont-messages\/2021\/documents\/papa-francesco_20210415_videomessaggio-mujer-excepcional.html#_ftnref1\">[1]<\/a>&nbsp;<em><a href=\"http:\/\/www.vatican.va\/content\/paul-vi\/pt\/homilies\/1970\/documents\/hf_p-vi_hom_19700927.html\">Homilia por ocasi\u00e3o da proclama\u00e7\u00e3o de Santa Teresa de Jesus Doutora da Igreja<\/a>&nbsp;<\/em>(27 de setembro de 1970).<\/p>\n\n\n\n<p><a href=\"https:\/\/www.vatican.va\/content\/francesco\/pt\/messages\/pont-messages\/2021\/documents\/papa-francesco_20210415_videomessaggio-mujer-excepcional.html#_ftnref2\">[2]<\/a>&nbsp;Cf. Santa Teresa de Jesus, Caminho<em>&nbsp;de perfei\u00e7\u00e3o.<\/em><\/p>\n\n\n\n<p><a href=\"https:\/\/www.vatican.va\/content\/francesco\/pt\/messages\/pont-messages\/2021\/documents\/papa-francesco_20210415_videomessaggio-mujer-excepcional.html#_ftnref3\">[3]<\/a>&nbsp;Santa Teresa de Jesus,&nbsp;<em>Sou vossa, nasci para V\u00f3s,<\/em>&nbsp; tirado de&nbsp;<em>Poesias.<\/em><\/p>\n\n\n\n<p><a href=\"https:\/\/www.vatican.va\/content\/francesco\/pt\/messages\/pont-messages\/2021\/documents\/papa-francesco_20210415_videomessaggio-mujer-excepcional.html#_ftnref4\">[4]<\/a>&nbsp;Cf. Santa Teresa de Jesus,&nbsp;<em>Livro da vida.<\/em><\/p>\n\n\n\n<p><a href=\"https:\/\/www.vatican.va\/content\/francesco\/pt\/messages\/pont-messages\/2021\/documents\/papa-francesco_20210415_videomessaggio-mujer-excepcional.html#_ftnref5\">[5]<\/a>&nbsp;Santa Teresa de Jesus,&nbsp;<em>Entreguei-me completamente a Ele,<\/em>&nbsp; tirado de&nbsp;<em>Poesias.<\/em><\/p>\n\n\n\n<p><a href=\"https:\/\/www.vatican.va\/content\/francesco\/pt\/messages\/pont-messages\/2021\/documents\/papa-francesco_20210415_videomessaggio-mujer-excepcional.html#_ftnref6\">[6]<\/a>&nbsp;Cf.&nbsp;<em><a href=\"http:\/\/www.vatican.va\/content\/francesco\/pt\/speeches\/2019\/december\/documents\/papa-francesco_20191221_curia-romana.html\">Discurso \u00e0 C\u00faria romana para os bons votos de Natal<\/a>,&nbsp;<\/em>21 de dezembro de 2019.<\/p>\n\n\n\n<p><a href=\"https:\/\/www.vatican.va\/content\/francesco\/pt\/messages\/pont-messages\/2021\/documents\/papa-francesco_20210415_videomessaggio-mujer-excepcional.html#_ftnref7\">[7]<\/a>&nbsp;Cf.&nbsp;<em><a href=\"http:\/\/www.vatican.va\/content\/francesco\/pt\/apost_exhortations\/documents\/papa-francesco_esortazione-ap_20180319_gaudete-et-exsultate.html#O_Senhor_chama\">Gaudete et exsultate<\/a>,&nbsp;<\/em>11.<\/p>\n\n\n\n<p><a href=\"https:\/\/www.vatican.va\/content\/francesco\/pt\/messages\/pont-messages\/2021\/documents\/papa-francesco_20210415_videomessaggio-mujer-excepcional.html#_ftnref8\">[8]<\/a>&nbsp;Santa Teresa de Jesus,&nbsp;<em>O Castelo interior,&nbsp;<\/em>VII,&nbsp;4, n. 6.<\/p>\n\n\n\n<p><a href=\"https:\/\/www.vatican.va\/content\/francesco\/pt\/messages\/pont-messages\/2021\/documents\/papa-francesco_20210415_videomessaggio-mujer-excepcional.html#_ftnref9\">[9]<\/a>&nbsp;Santa Teresa de Jesus,&nbsp;<em>O Castelo interior,&nbsp;<\/em>V,&nbsp;3, 11.<\/p>\n\n\n\n<p><a href=\"https:\/\/www.vatican.va\/content\/francesco\/pt\/messages\/pont-messages\/2021\/documents\/papa-francesco_20210415_videomessaggio-mujer-excepcional.html#_ftnref10\">[10]<\/a>&nbsp;<em><a href=\"http:\/\/www.vatican.va\/content\/francesco\/pt\/apost_exhortations\/documents\/papa-francesco_esortazione-ap_20180319_gaudete-et-exsultate.html#Uma_mente_sem_Deus_e_sem_carne\">Gaudete et exsultate<\/a>,&nbsp;<\/em>37.<\/p>\n\n\n\n<p><a href=\"https:\/\/www.vatican.va\/content\/francesco\/pt\/messages\/pont-messages\/2021\/documents\/papa-francesco_20210415_videomessaggio-mujer-excepcional.html#_ftnref11\">[11]<\/a>&nbsp;Santa Teresa de Jesus,&nbsp;<em>Livro da vida,&nbsp;<\/em>cap. 19, n. 15.<\/p>\n\n\n\n<p><a href=\"https:\/\/www.vatican.va\/content\/francesco\/pt\/messages\/pont-messages\/2021\/documents\/papa-francesco_20210415_videomessaggio-mujer-excepcional.html#_ftnref12\">[12]<\/a>&nbsp;Santa Teresa de Jesus,&nbsp;<em>Caminho de perfei\u00e7\u00e3o,&nbsp;<\/em>cap. 4, n. 7.<\/p>\n\n\n\n<p><a href=\"https:\/\/www.vatican.va\/content\/francesco\/pt\/messages\/pont-messages\/2021\/documents\/papa-francesco_20210415_videomessaggio-mujer-excepcional.html#_ftnref13\">[13]<\/a>&nbsp;Cf. Santa Teresa de Jesus,&nbsp;<em>Livro da vida,&nbsp;<\/em>cap. 15, n. 5.<\/p>\n\n\n\n<p><a href=\"https:\/\/www.vatican.va\/content\/francesco\/pt\/messages\/pont-messages\/2021\/documents\/papa-francesco_20210415_videomessaggio-mujer-excepcional.html#_ftnref14\">[14]<\/a>\u00a0Cf. Santa Teresa de Jesus,\u00a0<em>Livro da vida,\u00a0<\/em>10, 6: \u00abSegundo a nossa natureza, a meu ver, \u00e9 imposs\u00edvel ter coragem para grandes coisas, quem n\u00e3o compreende \u00e9 favorecido por Deus\u00bb.<\/p>\n\n\n\n<p>Fonte: <a href=\"https:\/\/media.osservatoreromano.va\/media\/osservatoreromano\/pdf\/por\/2021\/04\/POR_2021_016_2004.pdf\">https:\/\/media.osservatoreromano.va\/media\/osservatoreromano\/pdf\/por\/2021\/04\/POR_2021_016_2004.pdf<\/a><\/p>\n\n\n\n<p><\/p>\n","protected":false},"excerpt":{"rendered":"<p>Ao congresso internacional \u00abMulher extraordin\u00e1ria\u00bb sobre Teresa de \u00c1vila A santidade n\u00e3o \u00e9 reservada aos \u00abperitos no divino\u00bb, mas \u00e9 \u00aba voca\u00e7\u00e3o de todos os crentes\u00bb, recordou o Pont\u00edfice numa [&hellip;]<\/p>\n","protected":false},"author":1,"featured_media":2123,"comment_status":"closed","ping_status":"open","sticky":false,"template":"","format":"standard","meta":{"_et_pb_use_builder":"off","_et_pb_old_content":"","_et_gb_content_width":"","footnotes":""},"categories":[4,15],"tags":[],"class_list":["post-2714","post","type-post","status-publish","format-standard","has-post-thumbnail","hentry","category-artigos","category-vocacao","et-has-post-format-content","et_post_format-et-post-format-standard"],"_links":{"self":[{"href":"https:\/\/espiritualidade.carmelitas.pt\/boletim\/wp-json\/wp\/v2\/posts\/2714","targetHints":{"allow":["GET"]}}],"collection":[{"href":"https:\/\/espiritualidade.carmelitas.pt\/boletim\/wp-json\/wp\/v2\/posts"}],"about":[{"href":"https:\/\/espiritualidade.carmelitas.pt\/boletim\/wp-json\/wp\/v2\/types\/post"}],"author":[{"embeddable":true,"href":"https:\/\/espiritualidade.carmelitas.pt\/boletim\/wp-json\/wp\/v2\/users\/1"}],"replies":[{"embeddable":true,"href":"https:\/\/espiritualidade.carmelitas.pt\/boletim\/wp-json\/wp\/v2\/comments?post=2714"}],"version-history":[{"count":1,"href":"https:\/\/espiritualidade.carmelitas.pt\/boletim\/wp-json\/wp\/v2\/posts\/2714\/revisions"}],"predecessor-version":[{"id":2715,"href":"https:\/\/espiritualidade.carmelitas.pt\/boletim\/wp-json\/wp\/v2\/posts\/2714\/revisions\/2715"}],"wp:featuredmedia":[{"embeddable":true,"href":"https:\/\/espiritualidade.carmelitas.pt\/boletim\/wp-json\/wp\/v2\/media\/2123"}],"wp:attachment":[{"href":"https:\/\/espiritualidade.carmelitas.pt\/boletim\/wp-json\/wp\/v2\/media?parent=2714"}],"wp:term":[{"taxonomy":"category","embeddable":true,"href":"https:\/\/espiritualidade.carmelitas.pt\/boletim\/wp-json\/wp\/v2\/categories?post=2714"},{"taxonomy":"post_tag","embeddable":true,"href":"https:\/\/espiritualidade.carmelitas.pt\/boletim\/wp-json\/wp\/v2\/tags?post=2714"}],"curies":[{"name":"wp","href":"https:\/\/api.w.org\/{rel}","templated":true}]}}