{"id":2705,"date":"2021-03-31T03:58:00","date_gmt":"2021-03-31T03:58:00","guid":{"rendered":"https:\/\/espiritualidade.carmelitas.pt\/boletim\/?p=2705"},"modified":"2021-03-29T15:59:34","modified_gmt":"2021-03-29T15:59:34","slug":"xx-rumos-2021","status":"publish","type":"post","link":"https:\/\/espiritualidade.carmelitas.pt\/boletim\/xx-rumos-2021\/","title":{"rendered":"XX Rumos 2021"},"content":{"rendered":"\n<p><em>Encontro para jovens<\/em><\/p>\n\n\n\n<p><br>Os Carmelitas Descal\u00e7os v\u00e3o realizar um novo encontro Rumos de 14 a 16 de maio de 2021, em F\u00e1tima. Este evento conta com a participa\u00e7\u00e3o de jovens em processo de clarifica\u00e7\u00e3o e op\u00e7\u00e3o vocacional. Orientados por uma equipa formada pelos diferentes ramos do Carmelo: dois casais, uma religiosa, um sacerdote e dois animadores, estes jovens poder\u00e3o desfrutar de um acompanhamento personalizado, de forma a serem ajudados a ler os sinais que em cada um v\u00e3o surgindo para uma das grandes voca\u00e7\u00f5es: matrim\u00f3nio, sacerd\u00f3cio, vida consagrada ou vida laical. <\/p>\n\n\n\n<p><a href=\"https:\/\/vocacoes.carmelitas.pt\">https:\/\/vocacoes.carmelitas.pt<\/a><\/p>\n","protected":false},"excerpt":{"rendered":"<p>Encontro para jovens Os Carmelitas Descal\u00e7os v\u00e3o realizar um novo encontro Rumos de 14 a 16 de maio de 2021, em F\u00e1tima. Este evento conta com a participa\u00e7\u00e3o de jovens [&hellip;]<\/p>\n","protected":false},"author":1,"featured_media":2699,"comment_status":"closed","ping_status":"open","sticky":false,"template":"","format":"standard","meta":{"_et_pb_use_builder":"off","_et_pb_old_content":"","_et_gb_content_width":"","footnotes":""},"categories":[17],"tags":[],"class_list":["post-2705","post","type-post","status-publish","format-standard","has-post-thumbnail","hentry","category-jovens","et-has-post-format-content","et_post_format-et-post-format-standard"],"_links":{"self":[{"href":"https:\/\/espiritualidade.carmelitas.pt\/boletim\/wp-json\/wp\/v2\/posts\/2705","targetHints":{"allow":["GET"]}}],"collection":[{"href":"https:\/\/espiritualidade.carmelitas.pt\/boletim\/wp-json\/wp\/v2\/posts"}],"about":[{"href":"https:\/\/espiritualidade.carmelitas.pt\/boletim\/wp-json\/wp\/v2\/types\/post"}],"author":[{"embeddable":true,"href":"https:\/\/espiritualidade.carmelitas.pt\/boletim\/wp-json\/wp\/v2\/users\/1"}],"replies":[{"embeddable":true,"href":"https:\/\/espiritualidade.carmelitas.pt\/boletim\/wp-json\/wp\/v2\/comments?post=2705"}],"version-history":[{"count":1,"href":"https:\/\/espiritualidade.carmelitas.pt\/boletim\/wp-json\/wp\/v2\/posts\/2705\/revisions"}],"predecessor-version":[{"id":2706,"href":"https:\/\/espiritualidade.carmelitas.pt\/boletim\/wp-json\/wp\/v2\/posts\/2705\/revisions\/2706"}],"wp:featuredmedia":[{"embeddable":true,"href":"https:\/\/espiritualidade.carmelitas.pt\/boletim\/wp-json\/wp\/v2\/media\/2699"}],"wp:attachment":[{"href":"https:\/\/espiritualidade.carmelitas.pt\/boletim\/wp-json\/wp\/v2\/media?parent=2705"}],"wp:term":[{"taxonomy":"category","embeddable":true,"href":"https:\/\/espiritualidade.carmelitas.pt\/boletim\/wp-json\/wp\/v2\/categories?post=2705"},{"taxonomy":"post_tag","embeddable":true,"href":"https:\/\/espiritualidade.carmelitas.pt\/boletim\/wp-json\/wp\/v2\/tags?post=2705"}],"curies":[{"name":"wp","href":"https:\/\/api.w.org\/{rel}","templated":true}]}}