{"id":2703,"date":"2021-03-31T03:56:00","date_gmt":"2021-03-31T03:56:00","guid":{"rendered":"https:\/\/espiritualidade.carmelitas.pt\/boletim\/?p=2703"},"modified":"2021-03-29T15:58:15","modified_gmt":"2021-03-29T15:58:15","slug":"escola-de-oracao-2021-2022","status":"publish","type":"post","link":"https:\/\/espiritualidade.carmelitas.pt\/boletim\/escola-de-oracao-2021-2022\/","title":{"rendered":"Escola de Ora\u00e7\u00e3o 2021-2022"},"content":{"rendered":"\n<p><em>Nova edi\u00e7\u00e3o<\/em><\/p>\n\n\n\n<p>A Ordem dos Carmelitas Descal\u00e7os, depois das excelentes experi\u00eancias com a primeira e segunda edi\u00e7\u00f5es da Escola de Ora\u00e7\u00e3o que decorreram na Domus Carmeli, em F\u00e1tima, nos anos anteriores, vai lan\u00e7ar uma nova edi\u00e7\u00e3o, a terceira, no pr\u00f3ximo ano pastoral de 2021-2022. O bom acolhimento a todas as propostas da Escola de Ora\u00e7\u00e3o mostrou como \u00e9 importante e necess\u00e1rio oferecer \u00e0 Igreja esta possibilidade de ensinar e acompanhar os crist\u00e3os para que possam delinear itiner\u00e1rios de crescimento na rela\u00e7\u00e3o com Cristo. A frequ\u00eancia desta Escola de Ora\u00e7\u00e3o pretende ajudar a intensificar a vida de ora\u00e7\u00e3o e preparar os seus participantes para serem animadores da pastoral da ora\u00e7\u00e3o nas comunidades. <\/p>\n\n\n\n<p><a href=\"https:\/\/www.escoladeoracao.pt\/\">https:\/\/www.escoladeoracao.pt\/<\/a><\/p>\n","protected":false},"excerpt":{"rendered":"<p>Nova edi\u00e7\u00e3o A Ordem dos Carmelitas Descal\u00e7os, depois das excelentes experi\u00eancias com a primeira e segunda edi\u00e7\u00f5es da Escola de Ora\u00e7\u00e3o que decorreram na Domus Carmeli, em F\u00e1tima, nos anos [&hellip;]<\/p>\n","protected":false},"author":1,"featured_media":2621,"comment_status":"closed","ping_status":"open","sticky":false,"template":"","format":"standard","meta":{"_et_pb_use_builder":"off","_et_pb_old_content":"","_et_gb_content_width":"","footnotes":""},"categories":[1,37],"tags":[],"class_list":["post-2703","post","type-post","status-publish","format-standard","has-post-thumbnail","hentry","category-cursos","category-formacao","et-has-post-format-content","et_post_format-et-post-format-standard"],"_links":{"self":[{"href":"https:\/\/espiritualidade.carmelitas.pt\/boletim\/wp-json\/wp\/v2\/posts\/2703","targetHints":{"allow":["GET"]}}],"collection":[{"href":"https:\/\/espiritualidade.carmelitas.pt\/boletim\/wp-json\/wp\/v2\/posts"}],"about":[{"href":"https:\/\/espiritualidade.carmelitas.pt\/boletim\/wp-json\/wp\/v2\/types\/post"}],"author":[{"embeddable":true,"href":"https:\/\/espiritualidade.carmelitas.pt\/boletim\/wp-json\/wp\/v2\/users\/1"}],"replies":[{"embeddable":true,"href":"https:\/\/espiritualidade.carmelitas.pt\/boletim\/wp-json\/wp\/v2\/comments?post=2703"}],"version-history":[{"count":1,"href":"https:\/\/espiritualidade.carmelitas.pt\/boletim\/wp-json\/wp\/v2\/posts\/2703\/revisions"}],"predecessor-version":[{"id":2704,"href":"https:\/\/espiritualidade.carmelitas.pt\/boletim\/wp-json\/wp\/v2\/posts\/2703\/revisions\/2704"}],"wp:featuredmedia":[{"embeddable":true,"href":"https:\/\/espiritualidade.carmelitas.pt\/boletim\/wp-json\/wp\/v2\/media\/2621"}],"wp:attachment":[{"href":"https:\/\/espiritualidade.carmelitas.pt\/boletim\/wp-json\/wp\/v2\/media?parent=2703"}],"wp:term":[{"taxonomy":"category","embeddable":true,"href":"https:\/\/espiritualidade.carmelitas.pt\/boletim\/wp-json\/wp\/v2\/categories?post=2703"},{"taxonomy":"post_tag","embeddable":true,"href":"https:\/\/espiritualidade.carmelitas.pt\/boletim\/wp-json\/wp\/v2\/tags?post=2703"}],"curies":[{"name":"wp","href":"https:\/\/api.w.org\/{rel}","templated":true}]}}