{"id":2697,"date":"2021-03-31T03:48:00","date_gmt":"2021-03-31T03:48:00","guid":{"rendered":"https:\/\/espiritualidade.carmelitas.pt\/boletim\/?p=2697"},"modified":"2021-03-29T15:56:17","modified_gmt":"2021-03-29T15:56:17","slug":"fascinados-pela-verdade-como-edith-stein","status":"publish","type":"post","link":"https:\/\/espiritualidade.carmelitas.pt\/boletim\/fascinados-pela-verdade-como-edith-stein\/","title":{"rendered":"Fascinados pela Verdade com(o) Edith Stein"},"content":{"rendered":"\n<p><em>Fim de semana de reflex\u00e3o e de ora\u00e7\u00e3o<\/em><\/p>\n\n\n\n<p>Nos pr\u00f3ximos dias 23-25 de abril, os Carmelitas Descal\u00e7os em Portugal promovem um fim de semana em torno da figura de Edith Stein. Esta atividade, orientada pelo Frei Francisco Maria de S\u00e3o Jos\u00e9, proporcionar\u00e1 aos participantes momentos de reflex\u00e3o e de ora\u00e7\u00e3o a partir do testemunho de Santa Teresa Benedita da Cruz, mulher marcante do s\u00e9culo XX na intelectualidade e na espiritualidade. \uf320<\/p>\n","protected":false},"excerpt":{"rendered":"<p>Fim de semana de reflex\u00e3o e de ora\u00e7\u00e3o Nos pr\u00f3ximos dias 23-25 de abril, os Carmelitas Descal\u00e7os em Portugal promovem um fim de semana em torno da figura de Edith [&hellip;]<\/p>\n","protected":false},"author":1,"featured_media":2698,"comment_status":"closed","ping_status":"open","sticky":false,"template":"","format":"standard","meta":{"_et_pb_use_builder":"off","_et_pb_old_content":"","_et_gb_content_width":"","footnotes":""},"categories":[36],"tags":[],"class_list":["post-2697","post","type-post","status-publish","format-standard","has-post-thumbnail","hentry","category-retiro","et-has-post-format-content","et_post_format-et-post-format-standard"],"_links":{"self":[{"href":"https:\/\/espiritualidade.carmelitas.pt\/boletim\/wp-json\/wp\/v2\/posts\/2697","targetHints":{"allow":["GET"]}}],"collection":[{"href":"https:\/\/espiritualidade.carmelitas.pt\/boletim\/wp-json\/wp\/v2\/posts"}],"about":[{"href":"https:\/\/espiritualidade.carmelitas.pt\/boletim\/wp-json\/wp\/v2\/types\/post"}],"author":[{"embeddable":true,"href":"https:\/\/espiritualidade.carmelitas.pt\/boletim\/wp-json\/wp\/v2\/users\/1"}],"replies":[{"embeddable":true,"href":"https:\/\/espiritualidade.carmelitas.pt\/boletim\/wp-json\/wp\/v2\/comments?post=2697"}],"version-history":[{"count":1,"href":"https:\/\/espiritualidade.carmelitas.pt\/boletim\/wp-json\/wp\/v2\/posts\/2697\/revisions"}],"predecessor-version":[{"id":2702,"href":"https:\/\/espiritualidade.carmelitas.pt\/boletim\/wp-json\/wp\/v2\/posts\/2697\/revisions\/2702"}],"wp:featuredmedia":[{"embeddable":true,"href":"https:\/\/espiritualidade.carmelitas.pt\/boletim\/wp-json\/wp\/v2\/media\/2698"}],"wp:attachment":[{"href":"https:\/\/espiritualidade.carmelitas.pt\/boletim\/wp-json\/wp\/v2\/media?parent=2697"}],"wp:term":[{"taxonomy":"category","embeddable":true,"href":"https:\/\/espiritualidade.carmelitas.pt\/boletim\/wp-json\/wp\/v2\/categories?post=2697"},{"taxonomy":"post_tag","embeddable":true,"href":"https:\/\/espiritualidade.carmelitas.pt\/boletim\/wp-json\/wp\/v2\/tags?post=2697"}],"curies":[{"name":"wp","href":"https:\/\/api.w.org\/{rel}","templated":true}]}}